{"id":31,"date":"2026-08-18T07:33:42","date_gmt":"2026-08-18T07:33:42","guid":{"rendered":"https:\/\/www.studiolerda.it\/innovazioni-tecnologiche-nella-termotecnica-civile\/"},"modified":"2026-09-01T06:58:21","modified_gmt":"2026-09-01T06:58:21","slug":"recupero-sottotetto-altezze-minime","status":"publish","type":"post","link":"https:\/\/www.studiolerda.it\/en\/recupero-sottotetto-altezze-minime\/","title":{"rendered":"Recupero del sottotetto: altezze minime e casi pratici"},"content":{"rendered":"<p class=\"wp-block-paragraph\"><\/p>\n\n\n\n<p class=\"wp-block-paragraph\"><strong>Articolo aggiornato al 31 agosto 2026<\/strong><\/p>\n\n\n\n<p class=\"wp-block-paragraph\">Recuperare un sottotetto pu\u00f2 aumentare lo spazio disponibile senza ampliare l\u2019edificio sul terreno. Ma avere un colmo alto o riuscire a camminare al centro della mansarda non significa automaticamente poterla trasformare in abitazione.<\/p>\n\n\n\n<p class=\"wp-block-paragraph\">In Piemonte bisogna verificare insieme:<\/p>\n\n\n\n<ul class=\"wp-block-list\">\n<li>esistenza e legittimit\u00e0 del sottotetto;<\/li>\n\n\n\n<li>altezza nel punto pi\u00f9 elevato;<\/li>\n\n\n\n<li>altezza media di ogni locale;<\/li>\n\n\n\n<li>luce e aerazione naturale;<\/li>\n\n\n\n<li>possibilit\u00e0 di modificare falde, abbaini e solai;<\/li>\n\n\n\n<li>compatibilit\u00e0 con il Piano Regolatore comunale;<\/li>\n\n\n\n<li>condizioni strutturali, energetiche e impiantistiche.<\/li>\n<\/ul>\n\n\n\n<p class=\"wp-block-paragraph\">La misurazione \u00e8 quindi soltanto il primo passaggio. Un sottotetto geometricamente sufficiente pu\u00f2 non essere recuperabile per ragioni urbanistiche o strutturali; al contrario, uno spazio apparentemente basso pu\u00f2 diventare utilizzabile attraverso una distribuzione corretta delle zone abitabili e accessorie.<\/p>\n\n\n\n<h2 class=\"wp-block-heading\">Recupero del sottotetto in Piemonte: la risposta breve<\/h2>\n\n\n\n<p class=\"wp-block-paragraph\">Secondo l\u2019<a href=\"https:\/\/arianna.cr.piemonte.it\/iterlegcoordweb\/dettaglioLegge.do?urnLegge=urn%3Anir%3Aregione.piemonte%3Alegge%3A2018-10-04%3B16%402025-04-22\">articolo 6 della L.R. Piemonte 16\/2018, nel testo coordinato vigente<\/a>, il recupero pu\u00f2 essere valutato quando il sottotetto \u00e8 <strong>esistente e legittimo al 31 dicembre 2023<\/strong> e rispetta le condizioni previste dalla legge regionale, dal PRG e dalle altre norme applicabili.<\/p>\n\n\n\n<figure class=\"wp-block-table\"><table class=\"has-fixed-layout\"><tbody><tr><th>Verifica<\/th><th>Requisito regionale di riferimento<\/th><\/tr><tr><td>Esistenza e legittimit\u00e0<\/td><td>Al 31 dicembre 2023<\/td><\/tr><tr><td>Altezza interna nel punto pi\u00f9 elevato<\/td><td>Almeno 1,40 m<\/td><\/tr><tr><td>Altezza media dei locali abitabili<\/td><td>Almeno 2,20 m<\/td><\/tr><tr><td>Altezza media degli spazi accessori e di servizio<\/td><td>Almeno 2,00 m<\/td><\/tr><tr><td>Territori sopra i 1.000 m di altitudine<\/td><td>Media riducibile a 2,00 m anche per i locali abitabili<\/td><\/tr><tr><td>Aeroilluminazione naturale<\/td><td>Rapporto pari o superiore a 1\/16<\/td><\/tr><tr><td>Calcolo dell\u2019altezza media<\/td><td>Volume interno netto \u00f7 superficie interna netta, per ogni locale<\/td><\/tr><tr><td>Parti pi\u00f9 basse<\/td><td>Da chiudere con murature o arredi fissi e destinare a servizio<\/td><\/tr><tr><td>Colmo, gronda e pendenza delle falde<\/td><td>In generale non modificabili, salvo le eccezioni ammesse<\/td><\/tr><\/tbody><\/table><\/figure>\n\n\n\n<p class=\"wp-block-paragraph\">Queste soglie non costituiscono un\u2019autorizzazione automatica. Prima di progettare bisogna verificare stato legittimo, destinazione d\u2019uso, disciplina comunale, vincoli, strutture, accesso, isolamento e impianti.<\/p>\n\n\n\n<h2 class=\"wp-block-heading\">Quali sottotetti possono essere recuperati<\/h2>\n\n\n\n<p class=\"wp-block-paragraph\">La normativa piemontese considera il volume sovrastante l\u2019ultimo piano dell\u2019edificio e compreso nella sagoma della copertura, costituita prevalentemente da falde inclinate.<\/p>\n\n\n\n<p class=\"wp-block-paragraph\">La prima verifica riguarda la data: il sottotetto deve risultare <strong>esistente e legittimo al 31 dicembre 2023<\/strong>. Non basta che sia rappresentato nella planimetria catastale, perch\u00e9 il catasto non dimostra da solo la regolarit\u00e0 edilizia.<\/p>\n\n\n\n<p class=\"wp-block-paragraph\">Occorre ricostruire lo stato autorizzato attraverso:<\/p>\n\n\n\n<ul class=\"wp-block-list\">\n<li>titoli edilizi originari;<\/li>\n\n\n\n<li>varianti e pratiche successive;<\/li>\n\n\n\n<li>elaborati depositati in Comune;<\/li>\n\n\n\n<li>eventuali sanatorie;<\/li>\n\n\n\n<li>documentazione strutturale;<\/li>\n\n\n\n<li>confronto con lo stato reale.<\/li>\n<\/ul>\n\n\n\n<p class=\"wp-block-paragraph\">Se vuoi approfondire questo passaggio, leggi anche <a href=\"https:\/\/www.studiolerda.it\/en\/planimetria-catastale-stato-legittimo\/\">Il catasto vale come stato legittimo?<\/a><\/p>\n\n\n\n<p class=\"wp-block-paragraph\">Il recupero deve inoltre essere coerente con le destinazioni d\u2019uso compatibili o complementari previste dal PRG vigente. Per questo la stessa geometria pu\u00f2 essere recuperabile in un edificio e non esserlo in un altro Comune o in una diversa zona urbanistica.<\/p>\n\n\n\n<h2 class=\"wp-block-heading\">Qual \u00e8 l\u2019altezza minima di un sottotetto abitabile<\/h2>\n\n\n\n<p class=\"wp-block-paragraph\">Nel recupero dei sottotetti con copertura inclinata non conta soltanto l\u2019altezza al colmo. La legge piemontese utilizza due controlli distinti.<\/p>\n\n\n\n<h3 class=\"wp-block-heading\">Il punto pi\u00f9 elevato deve raggiungere almeno 1,40 m<\/h3>\n\n\n\n<p class=\"wp-block-paragraph\">Il volume pu\u00f2 rientrare nella disciplina regionale se l\u2019altezza interna nel punto pi\u00f9 elevato \u00e8 almeno <strong>1,40 m<\/strong>.<\/p>\n\n\n\n<p class=\"wp-block-paragraph\">Questa soglia da sola non rende abitabile il locale. Serve a individuare lo spazio che pu\u00f2 essere esaminato ai fini del recupero. Per trasformarlo in un vano abitabile bisogna poi raggiungere l\u2019altezza media richiesta.<\/p>\n\n\n\n<h3 class=\"wp-block-heading\">L\u2019altezza media deve essere almeno 2,20 m<\/h3>\n\n\n\n<p class=\"wp-block-paragraph\">Per i locali abitabili l\u2019altezza media interna deve essere almeno <strong>2,20 m<\/strong>.<\/p>\n\n\n\n<p class=\"wp-block-paragraph\">Per spazi accessori e di servizio, come ripostigli, guardaroba e locali con funzioni non residenziali, la media pu\u00f2 scendere a <strong>2,00 m<\/strong>.<\/p>\n\n\n\n<p class=\"wp-block-paragraph\">Nei territori situati sopra i <strong>1.000 m di altitudine<\/strong>, la media pu\u00f2 essere ridotta a 2,00 m anche per i locali abitabili.<\/p>\n\n\n\n<p class=\"wp-block-paragraph\">La quota deve essere verificata per l\u2019immobile interessato: non \u00e8 sufficiente che il Comune sia genericamente considerato montano.<\/p>\n\n\n\n<h2 class=\"wp-block-heading\">Come si calcola l\u2019altezza media<\/h2>\n\n\n\n<p class=\"wp-block-paragraph\">La legge richiede di effettuare il calcolo <strong>per ogni singolo locale<\/strong>, dividendo il volume interno netto per la superficie interna netta:<\/p>\n\n\n\n<blockquote class=\"wp-block-quote is-layout-flow wp-block-quote-is-layout-flow\">\n<p class=\"wp-block-paragraph\">Altezza media = volume interno netto \u00f7 superficie interna netta<\/p>\n<\/blockquote>\n\n\n\n<p class=\"wp-block-paragraph\">Non \u00e8 quindi corretto compensare liberamente un locale troppo basso con un altro molto alto. Camere, soggiorno e altri vani devono essere verificati secondo la loro effettiva configurazione.<\/p>\n\n\n\n<h3 class=\"wp-block-heading\">Esempio pratico<\/h3>\n\n\n\n<p class=\"wp-block-paragraph\">Consideriamo un locale con:<\/p>\n\n\n\n<ul class=\"wp-block-list\">\n<li>superficie interna netta: 36 m\u00b2;<\/li>\n\n\n\n<li>volume interno netto: 81 m\u00b3.<\/li>\n<\/ul>\n\n\n\n<p class=\"wp-block-paragraph\">Il calcolo \u00e8:<\/p>\n\n\n\n<blockquote class=\"wp-block-quote is-layout-flow wp-block-quote-is-layout-flow\">\n<p class=\"wp-block-paragraph\">81 m\u00b3 \u00f7 36 m\u00b2 = <strong>2,25 m<\/strong><\/p>\n<\/blockquote>\n\n\n\n<p class=\"wp-block-paragraph\">La media supera quindi il limite di 2,20 m previsto per un locale abitabile.<\/p>\n\n\n\n<p class=\"wp-block-paragraph\">Questo non conclude per\u00f2 la verifica. Bisogna ancora controllare:<\/p>\n\n\n\n<ul class=\"wp-block-list\">\n<li>punto pi\u00f9 elevato di almeno 1,40 m;<\/li>\n\n\n\n<li>luce e aerazione naturale;<\/li>\n\n\n\n<li>parti troppo basse;<\/li>\n\n\n\n<li>accesso e distribuzione interna;<\/li>\n\n\n\n<li>compatibilit\u00e0 urbanistica;<\/li>\n\n\n\n<li>condizioni strutturali e impiantistiche.<\/li>\n<\/ul>\n\n\n\n<p class=\"wp-block-paragraph\">Un rilievo preciso \u00e8 fondamentale. Pochi centimetri, moltiplicati per una grande superficie, possono modificare il risultato e la distribuzione delle funzioni.<\/p>\n\n\n\n<h2 class=\"wp-block-heading\">Che cosa succede alle zone troppo basse<\/h2>\n\n\n\n<p class=\"wp-block-paragraph\">Le porzioni con altezza inferiore ai minimi non possono essere semplicemente incluse nel vano abitabile.<\/p>\n\n\n\n<p class=\"wp-block-paragraph\">Devono essere chiuse attraverso:<\/p>\n\n\n\n<ul class=\"wp-block-list\">\n<li>opere murarie;<\/li>\n\n\n\n<li>arredi fissi;<\/li>\n\n\n\n<li>armadiature realizzate stabilmente.<\/li>\n<\/ul>\n\n\n\n<p class=\"wp-block-paragraph\">Questi spazi possono essere destinati a guardaroba, ripostiglio o altre funzioni di servizio. In corrispondenza delle fonti di luce diretta la chiusura non \u00e8 obbligatoria, per evitare di compromettere l\u2019ingresso di luce e aria.<\/p>\n\n\n\n<p class=\"wp-block-paragraph\">Una buona progettazione non cerca quindi di rendere abitabile ogni centimetro. Utilizza le parti pi\u00f9 alte per soggiorno, studio o camera e concentra armadi, contenitori e vani tecnici lungo le falde pi\u00f9 basse.<\/p>\n\n\n\n<h2 class=\"wp-block-heading\">Quanta luce serve: il rapporto aeroilluminante<\/h2>\n\n\n\n<p class=\"wp-block-paragraph\">La versione coordinata della legge regionale richiede un rapporto di aeroilluminazione naturale <strong>pari o superiore a 1\/16<\/strong>.<\/p>\n\n\n\n<p class=\"wp-block-paragraph\">Il rapporto si calcola confrontando la superficie delle aperture utili con la superficie del pavimento del locale. Anche le finestre inclinate installate a filo della copertura possono concorrere al calcolo.<\/p>\n\n\n\n<p class=\"wp-block-paragraph\">Per un locale di 32 m\u00b2, il valore di riferimento \u00e8:<\/p>\n\n\n\n<blockquote class=\"wp-block-quote is-layout-flow wp-block-quote-is-layout-flow\">\n<p class=\"wp-block-paragraph\">32 m\u00b2 \u00f7 16 = <strong>2,00 m\u00b2 di superficie aeroilluminante<\/strong><\/p>\n<\/blockquote>\n\n\n\n<p class=\"wp-block-paragraph\">La superficie geometrica della finestra non coincide sempre con quella effettivamente utile ai fini del calcolo: caratteristiche dell\u2019apertura, parti fisse, regolamento locale e modalit\u00e0 di misurazione devono essere verificati nel progetto.<\/p>\n\n\n\n<p class=\"wp-block-paragraph\">La legge consente di prevedere, nel rispetto dell\u2019edificio:<\/p>\n\n\n\n<ul class=\"wp-block-list\">\n<li>finestre in falda;<\/li>\n\n\n\n<li>lucernari;<\/li>\n\n\n\n<li>abbaini;<\/li>\n\n\n\n<li>terrazzi inseriti nella copertura.<\/li>\n<\/ul>\n\n\n\n<p class=\"wp-block-paragraph\">L\u2019intervento deve essere coerente con i caratteri formali e strutturali dell\u2019organismo architettonico. In presenza di vincolo paesaggistico o storico pu\u00f2 essere necessaria una specifica autorizzazione.<\/p>\n\n\n\n<p class=\"wp-block-paragraph\">Per approfondire le aperture in copertura puoi leggere <a href=\"https:\/\/www.studiolerda.it\/en\/posso-aprire-un-abbaino-o-un-velux-nel-mio-sottotetto\/\">Posso aprire un abbaino o un Velux nel mio sottotetto?<\/a><\/p>\n\n\n\n<h2 class=\"wp-block-heading\">Si pu\u00f2 alzare il tetto?<\/h2>\n\n\n\n<p class=\"wp-block-paragraph\">Come regola generale, gli interventi di recupero devono avvenire senza modificare:<\/p>\n\n\n\n<ul class=\"wp-block-list\">\n<li>altezza di colmo;<\/li>\n\n\n\n<li>altezza di gronda;<\/li>\n\n\n\n<li>linee di pendenza delle falde.<\/li>\n<\/ul>\n\n\n\n<p class=\"wp-block-paragraph\">La normativa ammette per\u00f2 gli eventuali incrementi consentiti dagli strumenti urbanistici comunali e quelli necessari per l\u2019efficientamento energetico o l\u2019adeguamento sismico.<\/p>\n\n\n\n<p class=\"wp-block-paragraph\">Questo non significa che sia sempre possibile sollevare la copertura per raggiungere l\u2019altezza mancante. Bisogna distinguere tra:<\/p>\n\n\n\n<ul class=\"wp-block-list\">\n<li>spessore aggiunto per isolare correttamente il tetto;<\/li>\n\n\n\n<li>opere strutturali necessarie;<\/li>\n\n\n\n<li>modifica geometrica finalizzata a creare nuovo volume;<\/li>\n\n\n\n<li>incremento espressamente ammesso dal PRG.<\/li>\n<\/ul>\n\n\n\n<p class=\"wp-block-paragraph\">La fattibilit\u00e0 deve essere verificata prima di impostare il progetto. Se il recupero dipende interamente dall\u2019idea di alzare liberamente colmo e gronda, \u00e8 probabile che l\u2019operazione non rientri nella disciplina agevolata del sottotetto.<\/p>\n\n\n\n<h2 class=\"wp-block-heading\">Si pu\u00f2 abbassare il solaio sottostante?<\/h2>\n\n\n\n<p class=\"wp-block-paragraph\">La legge piemontese contempla anche il riposizionamento verso il basso di uno o pi\u00f9 solai, quando i vani sottostanti possiedono altezze superiori ai minimi consentiti.<\/p>\n\n\n\n<p class=\"wp-block-paragraph\">Questa soluzione pu\u00f2 aumentare il volume utile del sottotetto, ma richiede una verifica molto pi\u00f9 ampia:<\/p>\n\n\n\n<ul class=\"wp-block-list\">\n<li>altezza residua del piano sottostante;<\/li>\n\n\n\n<li>comportamento delle strutture;<\/li>\n\n\n\n<li>collegamenti con murature e travi;<\/li>\n\n\n\n<li>distribuzione degli impianti;<\/li>\n\n\n\n<li>scale e accessi;<\/li>\n\n\n\n<li>costi e interferenze con l\u2019abitazione esistente.<\/li>\n<\/ul>\n\n\n\n<p class=\"wp-block-paragraph\">Non \u00e8 una semplice modifica interna. In molti edifici il costo strutturale e impiantistico pu\u00f2 rendere l\u2019intervento poco conveniente, anche quando \u00e8 teoricamente ammesso.<\/p>\n\n\n\n<h2 class=\"wp-block-heading\">Si pu\u00f2 creare un nuovo appartamento nel sottotetto?<\/h2>\n\n\n\n<p class=\"wp-block-paragraph\">La possibilit\u00e0 non dipende soltanto dalle altezze. Per ottenere una nuova unit\u00e0 autonoma devono essere verificati, tra gli altri:<\/p>\n\n\n\n<ul class=\"wp-block-list\">\n<li>destinazioni ammesse dal PRG;<\/li>\n\n\n\n<li>accesso indipendente e scala;<\/li>\n\n\n\n<li>requisiti igienico-sanitari;<\/li>\n\n\n\n<li>dotazione impiantistica;<\/li>\n\n\n\n<li>sicurezza strutturale;<\/li>\n\n\n\n<li>isolamento acustico;<\/li>\n\n\n\n<li>parcheggi e standard eventualmente richiesti;<\/li>\n\n\n\n<li>frazionamento e aggiornamento catastale;<\/li>\n\n\n\n<li>regolamento condominiale e parti comuni;<\/li>\n\n\n\n<li>eventuali limitazioni geologiche o paesaggistiche.<\/li>\n<\/ul>\n\n\n\n<p class=\"wp-block-paragraph\">Collegare il sottotetto all\u2019alloggio sottostante \u00e8 spesso pi\u00f9 semplice che creare una nuova abitazione, ma non \u00e8 automaticamente privo di verifiche. Anche uno spazio accessorio pu\u00f2 comportare lavori strutturali, nuova scala, isolamento e pratica edilizia.<\/p>\n\n\n\n<h2 class=\"wp-block-heading\">Che cosa cambia con il Salva Casa<\/h2>\n\n\n\n<p class=\"wp-block-paragraph\">Il Decreto Salva Casa ha rafforzato la possibilit\u00e0 di recuperare i sottotetti nei limiti e secondo le procedure stabilite dalle Regioni.<\/p>\n\n\n\n<p class=\"wp-block-paragraph\">L\u2019articolo 2-bis del D.P.R. 380\/2001 disciplina anche alcuni casi nei quali il recupero pu\u00f2 essere consentito senza rispettare le distanze minime tra edifici e confini, purch\u00e9 ricorrano le condizioni stabilite dalla norma statale e regionale.<\/p>\n\n\n\n<p class=\"wp-block-paragraph\">Il Salva Casa non trasforma per\u00f2 qualsiasi soffitta in abitazione e non sana automaticamente un volume irregolare. Restano necessarie:<\/p>\n\n\n\n<ul class=\"wp-block-list\">\n<li>legittimit\u00e0 del sottotetto;<\/li>\n\n\n\n<li>compatibilit\u00e0 con il PRG;<\/li>\n\n\n\n<li>verifica delle altezze;<\/li>\n\n\n\n<li>rispetto delle condizioni tecniche e igienico-sanitarie;<\/li>\n\n\n\n<li>titolo edilizio appropriato.<\/li>\n<\/ul>\n\n\n\n<p class=\"wp-block-paragraph\">Le informazioni generali sulle nuove altezze abitative sono approfondite nell\u2019articolo <a href=\"https:\/\/www.studiolerda.it\/en\/altezze-minime-abitabili-casi-concreti-del-salva-casa\/\">Altezze minime abitabili: casi concreti del Salva Casa<\/a><\/p>\n\n\n\n<h2 class=\"wp-block-heading\">Le altre verifiche necessarie<\/h2>\n\n\n\n<p class=\"wp-block-paragraph\">Superare i controlli geometrici non significa che il progetto sia pronto. Prima di decidere bisogna esaminare almeno questi aspetti.<\/p>\n\n\n\n<h3 class=\"wp-block-heading\">Stato legittimo<\/h3>\n\n\n\n<p class=\"wp-block-paragraph\">La documentazione comunale deve essere confrontata con lo stato dei luoghi. Vecchi abbaini, modifiche delle falde, aperture e solai non autorizzati possono cambiare completamente il percorso.<\/p>\n\n\n\n<h3 class=\"wp-block-heading\">Struttura del tetto e dei solai<\/h3>\n\n\n\n<p class=\"wp-block-paragraph\">Occorre verificare capacit\u00e0 portante, deformazioni, condizioni del legno o degli altri materiali, possibilit\u00e0 di realizzare la scala e carichi derivanti dal nuovo utilizzo.<\/p>\n\n\n\n<h3 class=\"wp-block-heading\">Isolamento e comfort estivo<\/h3>\n\n\n\n<p class=\"wp-block-paragraph\">Un sottotetto abitabile deve essere protetto sia dal freddo sia dal surriscaldamento. Spessore dell\u2019isolante, massa della copertura, tenuta all\u2019aria, schermature e ventilazione del tetto incidono direttamente sul comfort.<\/p>\n\n\n\n<p class=\"wp-block-paragraph\">Se il sottotetto deve rimanere non abitato, pu\u00f2 invece essere pi\u00f9 conveniente isolare il solaio. La differenza \u00e8 spiegata in <a href=\"https:\/\/www.studiolerda.it\/en\/tetto-o-solaio-del-sottotetto-dove-conviene-mettere-lisolante\/\">Tetto o solaio del sottotetto: dove conviene mettere l\u2019isolante?<\/a><\/p>\n\n\n\n<h3 class=\"wp-block-heading\">Impianti<\/h3>\n\n\n\n<p class=\"wp-block-paragraph\">Devono essere valutati riscaldamento, raffrescamento, ventilazione, impianto elettrico, scarichi e produzione di acqua calda. Portare un bagno nel sottotetto pu\u00f2 essere semplice oppure richiedere opere invasive, a seconda della posizione delle colonne di scarico.<\/p>\n\n\n\n<h3 class=\"wp-block-heading\">Accesso e scala<\/h3>\n\n\n\n<p class=\"wp-block-paragraph\">Una botola con scala retrattile non \u00e8 normalmente una soluzione adeguata per un piano abitabile. La nuova scala sottrae superficie sia al sottotetto sia al piano inferiore e pu\u00f2 richiedere il taglio del solaio, con conseguente progettazione strutturale.<\/p>\n\n\n\n<h3 class=\"wp-block-heading\">Condominio e parti comuni<\/h3>\n\n\n\n<p class=\"wp-block-paragraph\">Il tetto \u00e8 normalmente una parte comune. Aperture, terrazzi, abbaini, modifiche strutturali e variazioni dell\u2019uso possono coinvolgere diritti e autorizzazioni condominiali, oltre alla pratica edilizia.<\/p>\n\n\n\n<h3 class=\"wp-block-heading\">Vincoli e rischio del territorio<\/h3>\n\n\n\n<p class=\"wp-block-paragraph\">Edifici storici, aree paesaggistiche e zone soggette a pericolosit\u00e0 geologica richiedono verifiche ulteriori. La disciplina regionale favorevole non elimina le prescrizioni di tutela.<\/p>\n\n\n\n<h2 class=\"wp-block-heading\">Quale pratica edilizia serve<\/h2>\n\n\n\n<p class=\"wp-block-paragraph\">Non esiste una pratica unica valida per tutti i recuperi.<\/p>\n\n\n\n<p class=\"wp-block-paragraph\">Il titolo dipende da:<\/p>\n\n\n\n<ul class=\"wp-block-list\">\n<li>opere strutturali previste;<\/li>\n\n\n\n<li>modifica della destinazione d\u2019uso;<\/li>\n\n\n\n<li>realizzazione di una nuova unit\u00e0;<\/li>\n\n\n\n<li>interventi sulla sagoma o sulle aperture;<\/li>\n\n\n\n<li>disciplina comunale;<\/li>\n\n\n\n<li>presenza di vincoli.<\/li>\n<\/ul>\n\n\n\n<p class=\"wp-block-paragraph\">Prima di stabilire se servano CILA, SCIA, SCIA alternativa o permesso di costruire bisogna definire l\u2019intervento e confrontarlo con la normativa applicabile. Nei lavori strutturali si aggiungono gli adempimenti sismici; nei casi vincolati, le autorizzazioni paesaggistiche o culturali.<\/p>\n\n\n\n<p class=\"wp-block-paragraph\">Il recupero comporta inoltre il pagamento del contributo di costruzione secondo le modalit\u00e0 previste dalla legge regionale. Gli oneri non vanno confusi con il costo delle opere e devono essere richiesti o stimati sulla base delle tariffe comunali vigenti.<\/p>\n\n\n\n<h2 class=\"wp-block-heading\">Quanto costa recuperare un sottotetto nel 2026<\/h2>\n\n\n\n<p class=\"wp-block-paragraph\">Non esiste un prezzo attendibile basato soltanto sui metri quadrati. Due sottotetti della stessa superficie possono avere costi molto diversi se uno possiede gi\u00e0 tetto, scala e impianti adeguati, mentre l\u2019altro richiede il rifacimento completo della copertura.<\/p>\n\n\n\n<p class=\"wp-block-paragraph\">Come ordine di grandezza:<\/p>\n\n\n\n<figure class=\"wp-block-table\"><table class=\"has-fixed-layout\"><tbody><tr><th>Tipo di intervento<\/th><th class=\"has-text-align-right\" data-align=\"right\">Costo orientativo<\/th><\/tr><tr><td>Sistemazione interna di uno spazio gi\u00e0 strutturalmente ed energeticamente adeguato<\/td><td class=\"has-text-align-right\" data-align=\"right\">800\u20131.300 \u20ac\/m\u00b2<\/td><\/tr><tr><td>Recupero completo con isolamento, finiture e nuovi impianti<\/td><td class=\"has-text-align-right\" data-align=\"right\">1.300\u20132.000 \u20ac\/m\u00b2<\/td><\/tr><tr><td>Intervento complesso con rifacimento del tetto, strutture, scala e nuove aperture<\/td><td class=\"has-text-align-right\" data-align=\"right\">1.800\u20132.800 \u20ac\/m\u00b2 o pi\u00f9<\/td><\/tr><\/tbody><\/table><\/figure>\n\n\n\n<p class=\"wp-block-paragraph\">Le fasce sono indicative e non costituiscono un preventivo. Devono essere aggiunti o verificati:<\/p>\n\n\n\n<ul class=\"wp-block-list\">\n<li>spese tecniche;<\/li>\n\n\n\n<li>indagini e rilievi;<\/li>\n\n\n\n<li>pratiche e autorizzazioni;<\/li>\n\n\n\n<li>oneri comunali;<\/li>\n\n\n\n<li>sicurezza del cantiere;<\/li>\n\n\n\n<li>opere condominiali;<\/li>\n\n\n\n<li>IVA;<\/li>\n\n\n\n<li>imprevisti sugli edifici esistenti.<\/li>\n<\/ul>\n\n\n\n<p class=\"wp-block-paragraph\">Quando \u00e8 necessario rifare la copertura, pu\u00f2 essere utile confrontare anche <a href=\"https:\/\/www.studiolerda.it\/en\/quanto-costa-rifare-un-tetto-nel-2026\/\">Quanto costa rifare un tetto nel 2026?<\/a><\/p>\n\n\n\n<h2 class=\"wp-block-heading\">Cinque casi pratici<\/h2>\n\n\n\n<h3 class=\"wp-block-heading\">1. Colmo alto ma falde molto basse<\/h3>\n\n\n\n<p class=\"wp-block-paragraph\">Il colmo raggiunge 3,40 m, ma le falde scendono rapidamente e gran parte della superficie \u00e8 molto bassa. La media del locale risulta 2,12 m.<\/p>\n\n\n\n<p class=\"wp-block-paragraph\">Il requisito dei 2,20 m non \u00e8 raggiunto. La soluzione pu\u00f2 consistere nel ridurre il vano abitabile, chiudere le fasce basse con armadiature fisse e ricalcolare la media sulla nuova configurazione, se tecnicamente e normativamente corretto.<\/p>\n\n\n\n<h3 class=\"wp-block-heading\">2. Media sufficiente ma poche finestre<\/h3>\n\n\n\n<p class=\"wp-block-paragraph\">Il locale possiede una media di 2,25 m, ma l\u2019unica apertura non raggiunge il rapporto di 1\/16.<\/p>\n\n\n\n<p class=\"wp-block-paragraph\">Il recupero richiede nuove superfici aeroilluminanti. Lucernari o abbaini devono essere verificati sotto il profilo strutturale, architettonico, condominiale e paesaggistico.<\/p>\n\n\n\n<h3 class=\"wp-block-heading\">3. Sottotetto sopra i 1.000 metri<\/h3>\n\n\n\n<p class=\"wp-block-paragraph\">L\u2019immobile si trova a una quota superiore a 1.000 m e il locale ha un\u2019altezza media di 2,05 m.<\/p>\n\n\n\n<p class=\"wp-block-paragraph\">La soglia regionale ridotta pu\u00f2 consentire di superare il controllo geometrico, ma restano tutte le altre condizioni. La quota pi\u00f9 favorevole non sostituisce stato legittimo, luce, accesso e compatibilit\u00e0 urbanistica.<\/p>\n\n\n\n<h3 class=\"wp-block-heading\">4. Sottotetto collegato all\u2019alloggio sottostante<\/h3>\n\n\n\n<p class=\"wp-block-paragraph\">Il proprietario non vuole creare una nuova abitazione, ma realizzare studio, guardaroba e locale hobby collegati mediante una nuova scala.<\/p>\n\n\n\n<p class=\"wp-block-paragraph\">Il progetto deve distinguere con chiarezza locali abitabili e spazi accessori, verificare il foro nel solaio, la scala, le altezze e l\u2019impianto. La soluzione \u00e8 spesso pi\u00f9 semplice di una nuova unit\u00e0, ma non \u00e8 un lavoro privo di pratica e progetto.<\/p>\n\n\n\n<h3 class=\"wp-block-heading\">5. Solaio sottostante molto alto<\/h3>\n\n\n\n<p class=\"wp-block-paragraph\">Il piano inferiore ha ambienti alti oltre 3,20 m, mentre il sottotetto non raggiunge la media necessaria.<\/p>\n\n\n\n<p class=\"wp-block-paragraph\">Il riposizionamento del solaio potrebbe migliorare il sottotetto, ma bisogna verificare l\u2019altezza residua sotto, demolire e ricostruire parti strutturali, modificare impianti e risolvere i collegamenti con le murature. La fattibilit\u00e0 economica pu\u00f2 essere meno favorevole di quanto suggerisca la sola geometria.<\/p>\n\n\n\n<h2 class=\"wp-block-heading\">La verifica preliminare prima di iniziare<\/h2>\n\n\n\n<p class=\"wp-block-paragraph\">Prima di chiedere preventivi alle imprese conviene raccogliere:<\/p>\n\n\n\n<ul class=\"wp-block-list\">\n<li>indirizzo e dati catastali;<\/li>\n\n\n\n<li>planimetrie disponibili;<\/li>\n\n\n\n<li>titoli edilizi e varianti;<\/li>\n\n\n\n<li>fotografie del sottotetto;<\/li>\n\n\n\n<li>pianta con misure principali;<\/li>\n\n\n\n<li>altezze al colmo e lungo le falde;<\/li>\n\n\n\n<li>informazioni sulla struttura del tetto;<\/li>\n\n\n\n<li>presenza e posizione di finestre, scarichi e impianti;<\/li>\n\n\n\n<li>eventuali vincoli conosciuti;<\/li>\n\n\n\n<li>obiettivo del proprietario: ampliamento, locale accessorio o nuova unit\u00e0.<\/li>\n<\/ul>\n\n\n\n<p class=\"wp-block-paragraph\">Una prima verifica evita di sviluppare un progetto basato su una superficie che non potr\u00e0 essere considerata abitabile.<\/p>\n\n\n\n<h2 class=\"wp-block-heading\">Domande frequenti<\/h2>\n\n\n\n<h3 class=\"wp-block-heading\">Basta avere 2,20 m al colmo?<\/h3>\n\n\n\n<p class=\"wp-block-paragraph\">No. I 2,20 m rappresentano l\u2019altezza media richiesta per il locale abitabile, non l\u2019altezza del solo colmo. Il punto pi\u00f9 elevato deve inoltre raggiungere almeno 1,40 m per rientrare nella disciplina, ma questo valore da solo non rende abitabile lo spazio.<\/p>\n\n\n\n<h3 class=\"wp-block-heading\">La planimetria catastale dimostra che il sottotetto \u00e8 legittimo?<\/h3>\n\n\n\n<p class=\"wp-block-paragraph\">No. Il catasto ha finalit\u00e0 fiscali. La legittimit\u00e0 deve essere ricostruita attraverso la documentazione edilizia e le altre condizioni previste dal D.P.R. 380\/2001.<\/p>\n\n\n\n<h3 class=\"wp-block-heading\">Posso usare le parti basse come armadi?<\/h3>\n\n\n\n<p class=\"wp-block-paragraph\">S\u00ec, ma gli spazi inferiori ai minimi devono essere delimitati con opere murarie o arredi fissi e utilizzati come spazi di servizio, secondo quanto previsto dalla legge regionale.<\/p>\n\n\n\n<h3 class=\"wp-block-heading\">Posso installare un Velux senza altre verifiche?<\/h3>\n\n\n\n<p class=\"wp-block-paragraph\">Non sempre. Bisogna verificare struttura della copertura, condominio, disciplina edilizia, eventuali vincoli e corretta dimensione dell\u2019apertura.<\/p>\n\n\n\n<h3 class=\"wp-block-heading\">Il Salva Casa rende abitabile qualsiasi sottotetto?<\/h3>\n\n\n\n<p class=\"wp-block-paragraph\">No. Il recupero resta subordinato alla legge regionale, alla legittimit\u00e0, al PRG e ai requisiti tecnici e igienico-sanitari.<\/p>\n\n\n\n<h3 class=\"wp-block-heading\">La legge sul recupero dei sottotetti si applica anche a un sottotetto gi\u00e0 abitabile?<\/h3>\n\n\n\n<p class=\"wp-block-paragraph\"><strong>Se il sottotetto \u00e8 gi\u00e0 legittimamente autorizzato come abitazione, non deve essere \u201crecuperato\u201d una seconda volta.<\/strong> Eventuali nuovi lavori, come modificare la distribuzione interna, intervenire sulla copertura o dividere gli spazi, devono essere valutati in base alle opere previste e alla disciplina applicabile.<\/p>\n\n\n\n<p class=\"wp-block-paragraph\">Il punto decisivo \u00e8 capire cosa si intende per <strong>\u201cgi\u00e0 abitabile\u201d<\/strong>:<\/p>\n\n\n\n<ul class=\"wp-block-list\">\n<li><strong>\u00c8 autorizzato come spazio abitativo nei titoli edilizi comunali:<\/strong> si parte da questa situazione legittima per valutare i nuovi interventi.<\/li>\n\n\n\n<li><strong>\u00c8 abbastanza alto, arredato, riscaldato o utilizzato come camera, ma nei documenti risulta soffitta o locale accessorio:<\/strong> queste caratteristiche non bastano a renderlo legittimamente abitabile. Occorre verificare se sia possibile un recupero secondo la normativa piemontese.<\/li>\n\n\n\n<li><strong>\u00c8 abitabile soltanto in parte:<\/strong> l\u2019eventuale recupero delle porzioni ancora accessorie richiede una verifica specifica; queste non diventano automaticamente camere o soggiorni.<\/li>\n<\/ul>\n\n\n\n<p class=\"wp-block-paragraph\">Anche la presenza del sottotetto nella planimetria catastale dell\u2019appartamento, da sola, non dimostra che sia autorizzato all\u2019uso abitativo. Inoltre, la disciplina del recupero <strong>non costituisce una sanatoria automatica<\/strong> per lavori o utilizzi non autorizzati.<\/p>\n\n\n\n<p class=\"wp-block-paragraph\">Prima di dare una risposta servono quindi i titoli edilizi e le planimetrie approvate in Comune, l\u2019eventuale precedente pratica di recupero, la documentazione di agibilit\u00e0 e un confronto con lo stato reale dei locali.<\/p>\n\n\n\n<p class=\"wp-block-paragraph\">Il riferimento regionale \u00e8 l\u2019<a href=\"https:\/\/arianna.cr.piemonte.it\/iterlegcoordweb\/dettaglioLegge.do?urnLegge=urn%3Anir%3Aregione.piemonte%3Alegge%3A2018-10-04%3B16%402025-04-22\">articolo 6 della Legge regionale Piemonte 16\/2018<\/a>.<\/p>\n\n\n\n<h3 class=\"wp-block-heading\">Conviene recuperarlo oppure lasciarlo non abitato?<\/h3>\n\n\n\n<p class=\"wp-block-paragraph\">Dipende dal valore dello spazio ottenibile e dal costo degli interventi. Quando servono rifacimento completo del tetto, nuovo solaio, scala e impianti, il costo pu\u00f2 essere elevato. Una verifica preliminare deve confrontare superficie realmente utilizzabile, investimento e aumento di valore dell\u2019immobile.<\/p>\n\n\n\n<h2 class=\"wp-block-heading\">Recupero dei sottotetti a Cuneo e in Piemonte<\/h2>\n\n\n\n<p class=\"wp-block-paragraph\">Ogni sottotetto richiede una lettura congiunta di geometria, documentazione e condizioni dell\u2019edificio. Limitarsi a misurare il colmo o a consultare la planimetria catastale porta spesso a conclusioni sbagliate.<\/p>\n\n\n\n<p class=\"wp-block-paragraph\">Lo <strong>Lerda Engineering Practice<\/strong> segue a Cuneo e in Piemonte:<\/p>\n\n\n\n<ul class=\"wp-block-list\">\n<li>verifica preliminare di fattibilit\u00e0;<\/li>\n\n\n\n<li>rilievo e calcolo delle altezze;<\/li>\n\n\n\n<li>analisi della documentazione edilizia;<\/li>\n\n\n\n<li>progettazione architettonica e strutturale;<\/li>\n\n\n\n<li>isolamento ed efficientamento energetico;<\/li>\n\n\n\n<li>pratiche edilizie e autorizzazioni;<\/li>\n\n\n\n<li>computi, direzione lavori e sicurezza del cantiere.<\/li>\n<\/ul>\n\n\n\n<p class=\"wp-block-paragraph\">Il servizio rientra nelle attivit\u00e0 di <a href=\"https:\/\/www.studiolerda.it\/en\/servizi\/ristrutturazioni-abitazioni\/\">ristrutturazione delle abitazioni<\/a> seguite dallo Studio.<\/p>\n\n\n\n<blockquote class=\"wp-block-quote is-layout-flow wp-block-quote-is-layout-flow\">\n<p class=\"wp-block-paragraph\">Vuoi capire se il tuo sottotetto \u00e8 davvero recuperabile? <\/p>\n<\/blockquote>\n\n\n\n<p class=\"wp-block-paragraph\"><a href=\"https:\/\/www.studiolerda.it\/en\/#contatti\">Contatta lo Studio di Ingegneria Lerda<\/a><\/p>\n\n\n\n<h2 class=\"wp-block-heading\">Riferimenti normativi e istituzionali<\/h2>\n\n\n\n<ul class=\"wp-block-list\">\n<li><a href=\"https:\/\/arianna.cr.piemonte.it\/iterlegcoordweb\/dettaglioLegge.do?urnLegge=urn%3Anir%3Aregione.piemonte%3Alegge%3A2018-10-04%3B16%402025-04-22\">L.R. Piemonte 4 ottobre 2018, n. 16 \u2013 testo coordinato<\/a><\/li>\n\n\n\n<li><a href=\"https:\/\/www.regione.piemonte.it\/web\/temi\/ambiente-territorio\/territorio\/edilizia\/nuova-normativa-sui-sottotetti-sulle-variazioni-essenziali\">Regione Piemonte \u2013 Nuova normativa sui sottotetti e sulle variazioni essenziali<\/a><\/li>\n\n\n\n<li><a href=\"https:\/\/www.normattiva.it\/uri-res\/N2Ls?urn%3Anir%3Astato%3Adecreto.del.presidente.della.repubblica%3A2001-06-06%3B380=\">D.P.R. 6 giugno 2001, n. 380 \u2013 Testo unico dell\u2019edilizia<\/a><\/li>\n\n\n\n<li><a href=\"https:\/\/www.mit.gov.it\/linee-guida-dl-salva-casa\">MIT \u2013 Linee di indirizzo sul Decreto Salva Casa<\/a><\/li>\n<\/ul>\n\n\n\n<p class=\"wp-block-paragraph\"><\/p>","protected":false},"excerpt":{"rendered":"<p>Guida pratica per capire se \u00e8 possibile recuperare il sottotetto<\/p>","protected":false},"author":1,"featured_media":90,"comment_status":"open","ping_status":"open","sticky":false,"template":"","format":"standard","meta":{"_monsterinsights_skip_tracking":false,"footnotes":""},"categories":[14,16],"tags":[30,24,29],"class_list":["post-31","post","type-post","status-publish","format-standard","has-post-thumbnail","hentry","category-case-e-privati","category-comfort-e-termotecnica","tag-isolamento","tag-ristrutturazione","tag-sottotetto"],"_links":{"self":[{"href":"https:\/\/www.studiolerda.it\/en\/wp-json\/wp\/v2\/posts\/31","targetHints":{"allow":["GET"]}}],"collection":[{"href":"https:\/\/www.studiolerda.it\/en\/wp-json\/wp\/v2\/posts"}],"about":[{"href":"https:\/\/www.studiolerda.it\/en\/wp-json\/wp\/v2\/types\/post"}],"author":[{"embeddable":true,"href":"https:\/\/www.studiolerda.it\/en\/wp-json\/wp\/v2\/users\/1"}],"replies":[{"embeddable":true,"href":"https:\/\/www.studiolerda.it\/en\/wp-json\/wp\/v2\/comments?post=31"}],"version-history":[{"count":7,"href":"https:\/\/www.studiolerda.it\/en\/wp-json\/wp\/v2\/posts\/31\/revisions"}],"predecessor-version":[{"id":191,"href":"https:\/\/www.studiolerda.it\/en\/wp-json\/wp\/v2\/posts\/31\/revisions\/191"}],"wp:featuredmedia":[{"embeddable":true,"href":"https:\/\/www.studiolerda.it\/en\/wp-json\/wp\/v2\/media\/90"}],"wp:attachment":[{"href":"https:\/\/www.studiolerda.it\/en\/wp-json\/wp\/v2\/media?parent=31"}],"wp:term":[{"taxonomy":"category","embeddable":true,"href":"https:\/\/www.studiolerda.it\/en\/wp-json\/wp\/v2\/categories?post=31"},{"taxonomy":"post_tag","embeddable":true,"href":"https:\/\/www.studiolerda.it\/en\/wp-json\/wp\/v2\/tags?post=31"}],"curies":[{"name":"wp","href":"https:\/\/api.w.org\/{rel}","templated":true}]}}