{"id":194,"date":"2026-09-01T07:24:26","date_gmt":"2026-09-01T07:24:26","guid":{"rendered":"https:\/\/www.studiolerda.it\/?p=194"},"modified":"2026-09-01T07:24:26","modified_gmt":"2026-09-01T07:24:26","slug":"quali-requisiti-deve-avere-un-sottotetto-per-essere-abitabile","status":"publish","type":"post","link":"https:\/\/www.studiolerda.it\/en\/quali-requisiti-deve-avere-un-sottotetto-per-essere-abitabile\/","title":{"rendered":"Quali requisiti deve avere un sottotetto per essere abitabile?"},"content":{"rendered":"<p class=\"wp-block-paragraph\"><em>Guida pratica con riferimenti nazionali e approfondimento per Cuneo e il Piemonte. Aggiornata al 1\u00b0 settembre 2026.<\/em><\/p>\n\n\n\n<p class=\"wp-block-paragraph\">Un sottotetto pu\u00f2 sembrare una stanza pronta da utilizzare: ha il pavimento, una finestra, magari anche il riscaldamento. Ma queste caratteristiche, da sole, non lo rendono un ambiente legittimamente abitabile.<\/p>\n\n\n\n<p class=\"wp-block-paragraph\">Per capire se pu\u00f2 ospitare una camera, uno studio o un appartamento bisogna rispondere a due domande: <strong>l\u2019uso abitativo \u00e8 autorizzato o autorizzabile? E gli spazi rispettano i requisiti tecnici richiesti per quell\u2019uso?<\/strong><\/p>\n\n\n\n<p class=\"wp-block-paragraph\">L\u2019altezza \u00e8 soltanto una delle verifiche. Contano anche superficie, luce naturale, aerazione, accesso, sicurezza delle strutture, impianti e documentazione edilizia. Vediamo come affrontare questi controlli, evitando di confondere le regole nazionali con quelle particolari previste per il recupero dei sottotetti in Piemonte.<\/p>\n\n\n\n<h2 class=\"wp-block-heading\">Prima distinzione: una stanza in pi\u00f9 o un nuovo appartamento?<\/h2>\n\n\n\n<p class=\"wp-block-paragraph\">Recuperare il sottotetto per aggiungere una camera all\u2019abitazione sottostante non \u00e8 lo stesso intervento che ricavare un alloggio indipendente.<\/p>\n\n\n\n<p class=\"wp-block-paragraph\">Nel primo caso il progetto deve considerare il collegamento con la casa e la funzionalit\u00e0 dell\u2019abitazione nel suo insieme. Nel secondo occorre verificare anche la possibilit\u00e0 di creare una nuova unit\u00e0 immobiliare, con accesso, servizi e dotazioni adeguati.<\/p>\n\n\n\n<p class=\"wp-block-paragraph\">Per esempio, <strong>una camera nel sottotetto non deve avere necessariamente un bagno esclusivo<\/strong>, mentre un appartamento autonomo deve disporre dei propri servizi. La fattibilit\u00e0 cambia quindi in base al risultato che si vuole ottenere, non soltanto ai metri quadrati disponibili.<\/p>\n\n\n\n<h2 class=\"wp-block-heading\">1. L\u2019uso abitativo deve risultare regolare nei documenti<\/h2>\n\n\n\n<p class=\"wp-block-paragraph\">Il primo controllo non riguarda il metro, ma le pratiche edilizie.<\/p>\n\n\n\n<p class=\"wp-block-paragraph\">Occorre verificare come il sottotetto \u00e8 stato autorizzato: camera, soggiorno, soffitta, ripostiglio o altro spazio accessorio. Lo stato legittimo si ricostruisce secondo l\u2019articolo 9-bis del D.P.R. 380\/2001, attraverso i titoli edilizi e gli altri documenti probanti ammessi dalla norma. La planimetria catastale attuale non sostituisce automaticamente questa verifica. <a href=\"https:\/\/www.mit.gov.it\/nfsmitgov\/files\/media\/basic\/2025-01\/Stato%20legittimo%20degli%20immobili.pdf\">MIT, chiarimenti sullo stato legittimo degli immobili<\/a>.<\/p>\n\n\n\n<p class=\"wp-block-paragraph\">Una soffitta utilizzata da anni come camera non diventa abitabile per il solo fatto che vi siano un letto e un radiatore. Se l\u2019uso non \u00e8 autorizzato, bisogna valutare il percorso edilizio possibile e l\u2019eventuale regolarizzazione delle difformit\u00e0, senza presumere che siano sempre sanabili.<\/p>\n\n\n\n<h3 class=\"wp-block-heading\">Quali sottotetti possono accedere al recupero in Piemonte?<\/h3>\n\n\n\n<p class=\"wp-block-paragraph\">L\u2019articolo 6 della L.R. Piemonte 16\/2018 richiede che il sottotetto sia:<\/p>\n\n\n\n<ul class=\"wp-block-list\">\n<li><strong>esistente al 31 dicembre 2023<\/strong>;<\/li>\n\n\n\n<li><strong>legittimo alla data di presentazione della domanda di recupero<\/strong>.<\/li>\n<\/ul>\n\n\n\n<p class=\"wp-block-paragraph\">Questa distinzione deriva dalla modifica introdotta dall\u2019articolo 59 della L.R. 9\/2025: non \u00e8 pi\u00f9 corretto riferire entrambi i requisiti al 31 dicembre 2023. Resta da verificare la compatibilit\u00e0 dell\u2019uso proposto e l\u2019applicabilit\u00e0 della disciplina all\u2019immobile. <a href=\"https:\/\/arianna.cr.piemonte.it\/iterlegcoordweb\/dettaglioLegge.do?urnLegge=urn%3Anir%3Aregione.piemonte%3Alegge%3A2018%3B16#art6\">L.R. Piemonte 16\/2018, articolo 6, testo vigente<\/a>.<\/p>\n\n\n\n<p class=\"wp-block-paragraph\">Un sottotetto costruito dopo quella data non \u00e8 automaticamente inutilizzabile: va valutato attraverso le possibilit\u00e0 ordinarie consentite dalla disciplina urbanistico-edilizia, senza attribuirgli automaticamente i benefici del recupero regionale.<\/p>\n\n\n\n<h2 class=\"wp-block-heading\">2. Deve rispettare le altezze previste per il caso specifico<\/h2>\n\n\n\n<p class=\"wp-block-paragraph\">Non esiste una sola altezza minima valida per qualsiasi sottotetto italiano.<\/p>\n\n\n\n<p class=\"wp-block-paragraph\">Il D.M. Sanit\u00e0 5 luglio 1975 indica, come riferimento ordinario, <strong>2,70 metri per i locali abitabili<\/strong> e <strong>2,40 metri per bagni, corridoi, disimpegni e ripostigli<\/strong>. Nei Comuni montani sopra i 1.000 metri pu\u00f2 essere consentita la riduzione a 2,55 metri per i locali abitabili, alle condizioni previste dal decreto. <a href=\"https:\/\/www.indicenormativa.it\/norma\/urn:nir:ministero.sanita:decreto:1975-07-05\">D.M. 5 luglio 1975, articolo 1<\/a>.<\/p>\n\n\n\n<p class=\"wp-block-paragraph\">Per il recupero dei sottotetti ammesso dalla normativa piemontese si utilizzano invece questi riferimenti:<\/p>\n\n\n\n<figure class=\"wp-block-table\"><table class=\"has-fixed-layout\"><tbody><tr><th>Spazio da recuperare<\/th><th>Altezza media interna di riferimento<\/th><\/tr><tr><td>Camera, soggiorno, cucina abitabile o studio<\/td><td>Almeno 2,20 m<\/td><\/tr><tr><td>Spazi accessori e di servizio<\/td><td>Almeno 2,00 m<\/td><\/tr><tr><td>Locali abitabili nei territori sopra i 1.000 m di altitudine<\/td><td>Riducibile a 2,00 m<\/td><\/tr><\/tbody><\/table><\/figure>\n\n\n\n<p class=\"wp-block-paragraph\">Si tratta di <strong>altezze medie<\/strong>, non dell\u2019altezza da raggiungere soltanto nel punto pi\u00f9 alto. Il calcolo va eseguito per ciascun locale, dividendo il volume interno netto per la superficie interna netta secondo i criteri dell\u2019articolo 6, comma 3. <a href=\"https:\/\/www.regione.piemonte.it\/governo\/bollettino\/abbonati\/2024\/45\/attach\/aa_aa_regione%20piemonte%20-%20legge%20regionale_2024-11-07_92423.pdf\">Disciplina regionale delle altezze, riportata nelle note alla L.R. 25\/2024<\/a>.<\/p>\n\n\n\n<h3 class=\"wp-block-heading\">Un esempio di calcolo<\/h3>\n\n\n\n<p class=\"wp-block-paragraph\">Supponiamo che una futura camera abbia, dopo la corretta delimitazione degli spazi computabili:<\/p>\n\n\n\n<ul class=\"wp-block-list\">\n<li>superficie interna netta: 15 m\u00b2;<\/li>\n\n\n\n<li>volume interno netto: 36 m\u00b3.<\/li>\n<\/ul>\n\n\n\n<p class=\"wp-block-paragraph\">L\u2019altezza media \u00e8 <strong>36 \u00f7 15 = 2,40 metri<\/strong>.<\/p>\n\n\n\n<p class=\"wp-block-paragraph\">Il risultato supera il riferimento piemontese per i locali abitabili, ma non dimostra da solo che la camera sia realizzabile: restano gli altri controlli.<\/p>\n\n\n\n<p class=\"wp-block-paragraph\">La media aritmetica fra altezza minima e massima pu\u00f2 funzionare in geometrie semplici e regolari; non va utilizzata indiscriminatamente per tetti complessi, abbaini o locali dalla forma irregolare. Soprattutto, una stanza alta non pu\u00f2 compensarne un\u2019altra troppo bassa.<\/p>\n\n\n\n<h3 class=\"wp-block-heading\">Le misure vanno controllate anche dopo i lavori<\/h3>\n\n\n\n<p class=\"wp-block-paragraph\">Un nuovo pavimento, un massetto o l\u2019isolamento interno della copertura possono ridurre lo spazio disponibile. Il progetto deve quindi verificare le quote finali, applicando i criteri normativi anche per travi ed elementi strutturali emergenti.<\/p>\n\n\n\n<p class=\"wp-block-paragraph\">Le fasce basse richiedono una delimitazione coerente con la disciplina regionale, che prevede chiusure murarie o arredi fissi e possibili usi di servizio, con un\u2019eccezione in corrispondenza delle fonti di luce diretta. <strong>La superficie calpestabile non coincide necessariamente con quella utilizzabile come stanza abitabile.<\/strong><\/p>\n\n\n\n<h2 class=\"wp-block-heading\">3. Le stanze devono avere una superficie sufficiente<\/h2>\n\n\n\n<p class=\"wp-block-paragraph\">Un locale pu\u00f2 rispettare l\u2019altezza richiesta e risultare comunque troppo piccolo per l\u2019uso previsto.<\/p>\n\n\n\n<p class=\"wp-block-paragraph\">I riferimenti ordinari del D.M. 5 luglio 1975 sono:<\/p>\n\n\n\n<figure class=\"wp-block-table\"><table class=\"has-fixed-layout\"><tbody><tr><th>Ambiente<\/th><th>Superficie minima ordinaria<\/th><\/tr><tr><td>Camera per una persona<\/td><td>9 m\u00b2<\/td><\/tr><tr><td>Camera per due persone<\/td><td>14 m\u00b2<\/td><\/tr><tr><td>Soggiorno<\/td><td>14 m\u00b2<\/td><\/tr><tr><td>Alloggio monostanza per una persona, servizi compresi<\/td><td>28 m\u00b2<\/td><\/tr><tr><td>Alloggio monostanza per due persone, servizi compresi<\/td><td>38 m\u00b2<\/td><\/tr><\/tbody><\/table><\/figure>\n\n\n\n<p class=\"wp-block-paragraph\">Questi parametri vanno coordinati con la disciplina applicabile, la superficie effettivamente computabile e il numero degli occupanti. <a href=\"https:\/\/www.indicenormativa.it\/norma\/urn:nir:ministero.sanita:decreto:1975-07-05\">D.M. 5 luglio 1975, articoli 2 e 3<\/a>.<\/p>\n\n\n\n<p class=\"wp-block-paragraph\">Per esempio, non basta che in una stanza di 8 m\u00b2 entri fisicamente un letto per considerarla una camera singola conforme ai requisiti ordinari. Allo stesso modo, un locale di 14 m\u00b2 nel sottotetto non diventa automaticamente un monolocale autonomo.<\/p>\n\n\n\n<h2 class=\"wp-block-heading\">4. Servono luce naturale e ricambio d\u2019aria<\/h2>\n\n\n\n<p class=\"wp-block-paragraph\">La presenza di una finestra non basta: bisogna verificarne dimensioni, apertura e rapporto con il locale.<\/p>\n\n\n\n<p class=\"wp-block-paragraph\">Il riferimento ordinario nazionale prevede una superficie finestrata apribile di almeno <strong>1\/8 del pavimento<\/strong>, insieme al controllo del fattore medio di luce diurna, normalmente non inferiore al 2%. <a href=\"https:\/\/www.indicenormativa.it\/norma\/urn:nir:ministero.sanita:decreto:1975-07-05\">D.M. 5 luglio 1975, articolo 5<\/a>.<\/p>\n\n\n\n<p class=\"wp-block-paragraph\">Nel recupero disciplinato dalla legge piemontese \u00e8 previsto un rapporto di aeroilluminazione naturale di almeno <strong>1\/16<\/strong>, considerando anche le finestre inclinate a filo copertura. Il progetto deve comunque verificare che le aperture siano ammissibili e correttamente dimensionate. <a href=\"https:\/\/arianna.cr.piemonte.it\/iterlegcoordweb\/dettaglioLegge.do?urnLegge=urn%3Anir%3Aregione.piemonte%3Alegge%3A2018%3B16#art6-com2bis\">L.R. Piemonte 16\/2018, articolo 6, comma 2-bis<\/a>.<\/p>\n\n\n\n<p class=\"wp-block-paragraph\">Per capire l\u2019ordine di grandezza, su 16 m\u00b2 il rapporto di 1\/8 corrisponde a 2 m\u00b2, quello di 1\/16 a 1 m\u00b2. \u00c8 un esempio aritmetico: non significa che basti comprare un serramento con quelle dimensioni commerciali. Il tecnico deve individuare le superfici effettivamente utili al calcolo.<\/p>\n\n\n\n<p class=\"wp-block-paragraph\">Anche una VMC pu\u00f2 migliorare il ricambio dell\u2019aria, ma <strong>non elimina automaticamente l\u2019obbligo di illuminazione naturale<\/strong> di una camera. Un bagno cieco e una camera cieca non sono situazioni equivalenti.<\/p>\n\n\n\n<h2 class=\"wp-block-heading\">5. Il solaio e la copertura devono essere adatti al nuovo utilizzo<\/h2>\n\n\n\n<p class=\"wp-block-paragraph\">La verifica strutturale non si esaurisce nel constatare che il pavimento non presenta crepe.<\/p>\n\n\n\n<p class=\"wp-block-paragraph\">Trasformare una soffitta pu\u00f2 comportare nuovi massetti, tramezzi, impianti, sanitari e diverse condizioni d\u2019uso. Occorre valutare la capacit\u00e0 delle strutture in rapporto al progetto, lo stato di conservazione e gli eventuali interventi necessari.<\/p>\n\n\n\n<p class=\"wp-block-paragraph\">Sono particolarmente delicati l\u2019apertura di un foro nel solaio per una scala, le modifiche ai muri portanti e la trasformazione della copertura. Un abbaino non \u00e8 soltanto un modo per guadagnare luce: pu\u00f2 richiedere interventi strutturali e verifiche sull\u2019aspetto esterno dell\u2019edificio.<\/p>\n\n\n\n<p class=\"wp-block-paragraph\">Questo controllo va fatto prima di definire le finiture: un rinforzo o una modifica del solaio possono incidere su costi, spessori e altezze finali.<\/p>\n\n\n\n<h2 class=\"wp-block-heading\">6. L\u2019accesso deve essere sicuro e adatto all\u2019uso abitativo<\/h2>\n\n\n\n<p class=\"wp-block-paragraph\">Una botola con scala retrattile pu\u00f2 servire per accedere occasionalmente a una soffitta, ma non va considerata automaticamente un accesso adeguato a una camera utilizzata ogni giorno.<\/p>\n\n\n\n<p class=\"wp-block-paragraph\">Il progetto deve verificare la scala, l\u2019altezza libera lungo il percorso, i parapetti, i passaggi e i requisiti applicabili in materia di barriere architettoniche. Se si vuole ottenere un alloggio autonomo, deve essere valutata anche l\u2019organizzazione dell\u2019accesso rispetto alle altre propriet\u00e0.<\/p>\n\n\n\n<p class=\"wp-block-paragraph\">Non basta quindi controllare quanto spazio occupa la scala in pianta. Bisogna capire come si sale, come si entra nei locali e se la soluzione rispetta le prescrizioni pertinenti all\u2019intervento.<\/p>\n\n\n\n<h2 class=\"wp-block-heading\">7. Isolamento e impianti devono rendere gli spazi utilizzabili tutto l\u2019anno<\/h2>\n\n\n\n<p class=\"wp-block-paragraph\">Un sottotetto abitabile non dovrebbe essere uno spazio che si riesce a usare soltanto in primavera e in autunno.<\/p>\n\n\n\n<p class=\"wp-block-paragraph\">Il progetto energetico deve considerare la copertura e tutte le superfici che delimitano il nuovo volume climatizzato. <strong>Isolare soltanto il pavimento del sottotetto non equivale a isolare una mansarda destinata a essere riscaldata<\/strong>, perch\u00e9 il confine dell\u2019ambiente climatizzato cambia. ENEA ricorda che l\u2019isolamento deve interessare le superfici che separano il volume riscaldato dall\u2019esterno o dai locali non riscaldati. <a href=\"https:\/\/www.efficienzaenergetica.enea.it\/servizi-per\/cittadini\/interventi-di-efficienza-e-risparmio-energetico-nelle-abitazioni\/solai-e-pareti.html\">ENEA, interventi su solai e pareti<\/a>.<\/p>\n\n\n\n<p class=\"wp-block-paragraph\">A Cuneo e in provincia \u00e8 utile valutare insieme dispersioni invernali, tenuta all\u2019aria, umidit\u00e0 e surriscaldamento estivo. Finestre sul tetto e superfici vetrate vanno progettate anche considerando esposizione e schermature.<\/p>\n\n\n\n<p class=\"wp-block-paragraph\">Gli impianti devono essere adeguati al nuovo utilizzo, con la documentazione richiesta. Per un alloggio autonomo vanno previste anche le dotazioni igienico-sanitarie, l\u2019acqua e gli scarichi; l\u2019eventuale collegamento agli impianti esistenti richiede una verifica della loro capacit\u00e0 e configurazione.<\/p>\n\n\n\n<p class=\"wp-block-paragraph\">La VMC pu\u00f2 essere una soluzione utile, ma non \u00e8 un requisito universale da imporre senza valutare il caso. Allo stesso modo, aggiungere uno split non risolve una copertura che disperde calore o presenta problemi di condensa.<\/p>\n\n\n\n<h2 class=\"wp-block-heading\">8. Devono essere verificati vincoli, propriet\u00e0 e possibilit\u00e0 di eseguire le opere<\/h2>\n\n\n\n<p class=\"wp-block-paragraph\">Una soluzione tecnicamente realizzabile pu\u00f2 incontrare limiti urbanistici, paesaggistici o legati alla propriet\u00e0.<\/p>\n\n\n\n<p class=\"wp-block-paragraph\">Prima di ipotizzare finestre, terrazzi o modifiche del tetto bisogna controllare le prescrizioni che riguardano l\u2019edificio e l\u2019area. In condominio vanno chiariti la propriet\u00e0 del sottotetto, il rapporto con le parti comuni e gli eventuali assensi necessari: il titolo edilizio non risolve da solo i rapporti fra proprietari.<\/p>\n\n\n\n<p class=\"wp-block-paragraph\">Non si pu\u00f2 inoltre dare per scontato di alzare il tetto finch\u00e9 si raggiunge l\u2019altezza desiderata. Nel recupero piemontese colmo, gronda e pendenze sono normalmente mantenuti, salvo gli incrementi ammessi dagli strumenti urbanistici o necessari per efficientamento energetico e adeguamento sismico, da verificare nel progetto. <a href=\"https:\/\/www.regione.piemonte.it\/governo\/bollettino\/abbonati\/2024\/45\/attach\/aa_aa_regione%20piemonte%20-%20legge%20regionale_2024-11-07_92423.pdf\">L.R. 25\/2024, modifica dell\u2019articolo 6, comma 2<\/a>.<\/p>\n\n\n\n<h2 class=\"wp-block-heading\">9. Occorrono la pratica edilizia corretta e gli adempimenti di agibilit\u00e0<\/h2>\n\n\n\n<p class=\"wp-block-paragraph\">Quando si trasforma un sottotetto accessorio in spazio abitativo, il percorso non consiste semplicemente nell\u2019aggiornare il Catasto.<\/p>\n\n\n\n<p class=\"wp-block-paragraph\">Il tecnico deve individuare il titolo edilizio necessario, le eventuali autorizzazioni ulteriori e gli adempimenti strutturali ed energetici. A lavori conclusi vanno completati gli aggiornamenti e le attestazioni pertinenti, compresa la <strong>Segnalazione certificata di agibilit\u00e0 (SCA)<\/strong> nei casi previsti dall\u2019articolo 24 del D.P.R. 380\/2001.<\/p>\n\n\n\n<p class=\"wp-block-paragraph\">L\u2019agibilit\u00e0 riguarda le condizioni di sicurezza, igiene, salubrit\u00e0 e risparmio energetico, oltre alla conformit\u00e0 dell\u2019opera al progetto. Per gli interventi sull\u2019esistente che incidono su queste condizioni \u00e8 previsto il relativo adempimento. <a href=\"https:\/\/comune.mondovi.cn.it\/servizi\/servizio-dettaglio\/3279355\">Comune di Mondov\u00ec, procedimento di Segnalazione certificata di agibilit\u00e0<\/a>.<\/p>\n\n\n\n<p class=\"wp-block-paragraph\"><strong>Agibilit\u00e0 e regolarit\u00e0 urbanistica non sono intercambiabili.<\/strong> Nemmeno un APE dimostra, da solo, che un sottotetto sia autorizzato come abitazione: una valutazione energetica non sostituisce l\u2019esame delle pratiche edilizie.<\/p>\n\n\n\n<h2 class=\"wp-block-heading\">Il Salva Casa rende abitabile qualsiasi sottotetto alto 2,40 metri?<\/h2>\n\n\n\n<p class=\"wp-block-paragraph\">No. Il Salva Casa ha introdotto nell\u2019articolo 24 del Testo unico possibilit\u00e0 di asseverazione per determinate riduzioni delle altezze e delle superfici degli alloggi monostanza, ma con condizioni specifiche.<\/p>\n\n\n\n<p class=\"wp-block-paragraph\">Sono previsti, nei casi ammessi, locali alti almeno 2,40 metri e monolocali di almeno 20 m\u00b2 per una persona o 28 m\u00b2 per due. Occorrono il requisito dell\u2019adattabilit\u00e0 e almeno una delle condizioni indicate dal comma 5-ter: recupero edilizio con miglioramento igienico-sanitario, oppure un progetto di ristrutturazione con soluzioni alternative idonee.<\/p>\n\n\n\n<p class=\"wp-block-paragraph\"><strong>Non sono soglie da applicare automaticamente a qualunque soffitta.<\/strong> Il percorso urbanistico resta da verificare e la disciplina regionale dei sottotetti va coordinata con quella nazionale. Le riduzioni dei monolocali, inoltre, non rappresentano una riduzione generalizzata delle dimensioni minime delle camere. <a href=\"https:\/\/www.mit.gov.it\/nfsmitgov\/files\/media\/basic\/2025-01\/Adeguamento%20degli%20standard%20edilizi.pdf\">MIT, recupero dei sottotetti e deroghe ai requisiti per l\u2019agibilit\u00e0<\/a>.<\/p>\n\n\n\n<h2 class=\"wp-block-heading\">E se il sottotetto \u00e8 gi\u00e0 abitabile?<\/h2>\n\n\n\n<p class=\"wp-block-paragraph\">Se \u00e8 gi\u00e0 legittimamente autorizzato come abitazione, non occorre recuperarlo una seconda volta. Si parte dalla situazione documentata per valutare i nuovi lavori, senza applicare indiscriminatamente i parametri del nuovo recupero a un\u2019abitazione esistente.<\/p>\n\n\n\n<p class=\"wp-block-paragraph\">Se invece \u00e8 abitabile soltanto nell\u2019uso quotidiano, ma risulta soffitta nelle pratiche edilizie, il problema rimane. E se \u00e8 autorizzato come abitazione soltanto in parte, le porzioni accessorie non acquisiscono automaticamente lo stesso utilizzo.<\/p>\n\n\n\n<p class=\"wp-block-paragraph\">La legge piemontese contiene anche disposizioni particolari per interventi conservativi sui sottotetti legittimi esistenti, all\u2019articolo 6, comma 10-bis. Vanno valutate nel loro specifico ambito: non sono una dichiarazione di abitabilit\u00e0 generalizzata per qualsiasi locale basso.<\/p>\n\n\n\n<h2 class=\"wp-block-heading\">Tre esempi per capire dove pu\u00f2 nascere il problema<\/h2>\n\n\n\n<p class=\"wp-block-paragraph\">Gli esempi seguenti sono ipotetici e illustrano il metodo di verifica, non l\u2019esito di pratiche reali.<\/p>\n\n\n\n<p class=\"wp-block-paragraph\"><strong>Una camera spaziosa, ma senza finestre sufficienti.<\/strong> Il sottotetto consente una buona distribuzione e ha un\u2019altezza adeguata. Tuttavia, l\u2019unica apertura \u00e8 piccola e non \u00e8 ancora stata verificata la possibilit\u00e0 di ampliarla. La fattibilit\u00e0 dipende anche da questo: i metri quadrati disponibili non risolvono il problema della luce.<\/p>\n\n\n\n<p class=\"wp-block-paragraph\"><strong>Un tetto alto, ma un solaio da verificare.<\/strong> Il proprietario immagina due camere e un bagno. Prima di scegliere pavimenti e sanitari occorre capire se il solaio \u00e8 adatto e quali rinforzi servono. Il relativo spessore pu\u00f2 modificare anche le altezze del progetto.<\/p>\n\n\n\n<p class=\"wp-block-paragraph\"><strong>Una mansarda finita, ma autorizzata come soffitta.<\/strong> L\u2019ambiente sembra pronto per essere affittato, per\u00f2 nei documenti non risulta abitativo. La prima spesa utile \u00e8 la verifica delle pratiche e della trasformabilit\u00e0, non un nuovo arredamento.<\/p>\n\n\n\n<h2 class=\"wp-block-heading\">Quali documenti servono per una prima verifica?<\/h2>\n\n\n\n<p class=\"wp-block-paragraph\">Per iniziare \u00e8 utile raccogliere:<\/p>\n\n\n\n<ul class=\"wp-block-list\">\n<li>Comune e indirizzo dell\u2019immobile;<\/li>\n\n\n\n<li>titoli edilizi disponibili, varianti ed eventuali sanatorie;<\/li>\n\n\n\n<li>piante e sezioni approvate, soprattutto quelle della copertura;<\/li>\n\n\n\n<li>documentazione di abitabilit\u00e0 o agibilit\u00e0 eventualmente esistente;<\/li>\n\n\n\n<li>planimetria catastale, da confrontare con gli atti edilizi;<\/li>\n\n\n\n<li>documentazione strutturale e impiantistica disponibile;<\/li>\n\n\n\n<li>fotografie e misure indicative dello stato attuale;<\/li>\n\n\n\n<li>una descrizione dell\u2019obiettivo: camera, studio, ampliamento dell\u2019alloggio o appartamento indipendente.<\/li>\n<\/ul>\n\n\n\n<p class=\"wp-block-paragraph\">Se mancano le pratiche, pu\u00f2 essere necessario un accesso agli atti. Una fotografia \u00e8 utile per orientare il primo confronto, ma non permette di certificare altezze, portata del solaio o destinazione autorizzata.<\/p>\n\n\n\n<h2 class=\"wp-block-heading\">Verificare un sottotetto a Cuneo e in Piemonte<\/h2>\n\n\n\n<p class=\"wp-block-paragraph\">La domanda utile non \u00e8 soltanto \u00abquanto deve essere alto?\u00bb, ma <strong>\u00abquale utilizzo posso autorizzare e quali lavori servono per ottenerlo?\u00bb<\/strong>.<\/p>\n\n\n\n<p class=\"wp-block-paragraph\">Lo Studio di Ingegneria Lerda pu\u00f2 affiancarti nella verifica documentale e tecnica del sottotetto, nello studio delle possibilit\u00e0 di recupero e nella progettazione degli interventi necessari.<\/p>\n\n\n\n<p class=\"wp-block-paragraph\">Per un primo confronto indica il Comune, l\u2019utilizzo che vorresti ottenere e i documenti di cui disponi. Potremo individuare quali verifiche approfondire e definire l\u2019incarico prima di avviare il progetto.<\/p>\n\n\n\n<p class=\"wp-block-paragraph\"><em>Le indicazioni dell\u2019articolo hanno carattere generale: la fattibilit\u00e0 deve essere verificata sull\u2019immobile specifico, considerando disciplina vigente, norme comunali, vincoli e documentazione disponibile.<\/em><\/p>\n\n\n\n<h2 class=\"wp-block-heading\">Riferimenti normativi e tecnici<\/h2>\n\n\n\n<ul class=\"wp-block-list\">\n<li><a href=\"https:\/\/www.indicenormativa.it\/norma\/urn:nir:ministero.sanita:decreto:1975-07-05\">D.M. Sanit\u00e0 5 luglio 1975<\/a>: requisiti igienico-sanitari ordinari delle abitazioni.<\/li>\n\n\n\n<li><a href=\"https:\/\/arianna.cr.piemonte.it\/iterlegcoordweb\/dettaglioLegge.do?urnLegge=urn%3Anir%3Aregione.piemonte%3Alegge%3A2018%3B16\">L.R. Piemonte 4 ottobre 2018, n. 16, testo vigente<\/a>: in particolare articoli 2, 6, 9 e 11.<\/li>\n\n\n\n<li><a href=\"https:\/\/www.regione.piemonte.it\/governo\/bollettino\/abbonati\/2024\/45\/suppo4\/00000001.htm\">L.R. Piemonte 7 novembre 2024, n. 25<\/a>: modifiche alla disciplina del recupero.<\/li>\n\n\n\n<li><a href=\"https:\/\/www.regione.piemonte.it\/governo\/bollettino\/abbonati\/2025\/28\/suppo1\/00000001.htm\">L.R. Piemonte 8 luglio 2025, n. 9<\/a>: articolo 59, distinzione fra data di esistenza e legittimit\u00e0 alla presentazione dell\u2019istanza.<\/li>\n\n\n\n<li><a href=\"https:\/\/www.mit.gov.it\/linee-guida-dl-salva-casa\">MIT, linee di indirizzo sul Decreto Salva Casa<\/a>: chiarimenti su stato legittimo, sottotetti e agibilit\u00e0, con richiami agli articoli 9-bis, 2-bis e 24 del D.P.R. 380\/2001.<\/li>\n\n\n\n<li><a href=\"https:\/\/www.efficienzaenergetica.enea.it\/servizi-per\/cittadini\/interventi-di-efficienza-e-risparmio-energetico-nelle-abitazioni\/solai-e-pareti.html\">ENEA, isolamento di solai e pareti<\/a>: inquadramento degli interventi sull\u2019involucro.<\/li>\n<\/ul>","protected":false},"excerpt":{"rendered":"<p>Capiamo quali sono i requisiti fondamentali per un sottotetto abitabile<\/p>","protected":false},"author":1,"featured_media":195,"comment_status":"open","ping_status":"open","sticky":false,"template":"","format":"standard","meta":{"_monsterinsights_skip_tracking":false,"footnotes":""},"categories":[14],"tags":[31,24,29],"class_list":["post-194","post","type-post","status-publish","format-standard","has-post-thumbnail","hentry","category-case-e-privati","tag-abitabilita","tag-ristrutturazione","tag-sottotetto"],"_links":{"self":[{"href":"https:\/\/www.studiolerda.it\/en\/wp-json\/wp\/v2\/posts\/194","targetHints":{"allow":["GET"]}}],"collection":[{"href":"https:\/\/www.studiolerda.it\/en\/wp-json\/wp\/v2\/posts"}],"about":[{"href":"https:\/\/www.studiolerda.it\/en\/wp-json\/wp\/v2\/types\/post"}],"author":[{"embeddable":true,"href":"https:\/\/www.studiolerda.it\/en\/wp-json\/wp\/v2\/users\/1"}],"replies":[{"embeddable":true,"href":"https:\/\/www.studiolerda.it\/en\/wp-json\/wp\/v2\/comments?post=194"}],"version-history":[{"count":1,"href":"https:\/\/www.studiolerda.it\/en\/wp-json\/wp\/v2\/posts\/194\/revisions"}],"predecessor-version":[{"id":196,"href":"https:\/\/www.studiolerda.it\/en\/wp-json\/wp\/v2\/posts\/194\/revisions\/196"}],"wp:featuredmedia":[{"embeddable":true,"href":"https:\/\/www.studiolerda.it\/en\/wp-json\/wp\/v2\/media\/195"}],"wp:attachment":[{"href":"https:\/\/www.studiolerda.it\/en\/wp-json\/wp\/v2\/media?parent=194"}],"wp:term":[{"taxonomy":"category","embeddable":true,"href":"https:\/\/www.studiolerda.it\/en\/wp-json\/wp\/v2\/categories?post=194"},{"taxonomy":"post_tag","embeddable":true,"href":"https:\/\/www.studiolerda.it\/en\/wp-json\/wp\/v2\/tags?post=194"}],"curies":[{"name":"wp","href":"https:\/\/api.w.org\/{rel}","templated":true}]}}