{"id":168,"date":"2026-08-27T07:31:03","date_gmt":"2026-08-27T07:31:03","guid":{"rendered":"https:\/\/www.studiolerda.it\/?p=168"},"modified":"2026-08-27T07:31:03","modified_gmt":"2026-08-27T07:31:03","slug":"tetto-o-solaio-del-sottotetto-dove-conviene-mettere-lisolante","status":"publish","type":"post","link":"https:\/\/www.studiolerda.it\/en\/tetto-o-solaio-del-sottotetto-dove-conviene-mettere-lisolante\/","title":{"rendered":"Tetto o solaio del sottotetto: dove conviene mettere l\u2019isolante?"},"content":{"rendered":"<p class=\"wp-block-paragraph\">Quando una casa disperde calore dall\u2019alto, la richiesta sembra semplice: <strong>bisogna isolare il tetto<\/strong>. In realt\u00e0, prima ancora di scegliere il materiale, occorre decidere <strong>dove far passare il confine termico della casa<\/strong>.<\/p>\n\n\n\n<p class=\"wp-block-paragraph\">L\u2019isolante pu\u00f2 essere posato:<\/p>\n\n\n\n<ul class=\"wp-block-list\">\n<li>lungo le falde inclinate del tetto;<\/li>\n\n\n\n<li>sul solaio orizzontale che separa l\u2019ultimo piano dal sottotetto;<\/li>\n\n\n\n<li>pi\u00f9 raramente, sotto quel solaio mediante un controsoffitto isolato.<\/li>\n<\/ul>\n\n\n\n<p class=\"wp-block-paragraph\">Non sono soluzioni equivalenti. Cambiano la superficie da coibentare, il volume che rester\u00e0 riscaldato, il comportamento estivo, il rischio di condensa, la possibilit\u00e0 di usare il sottotetto e naturalmente il costo.<\/p>\n\n\n\n<p class=\"wp-block-paragraph\">La regola di partenza \u00e8 questa:<\/p>\n\n\n\n<blockquote class=\"wp-block-quote is-layout-flow wp-block-quote-is-layout-flow\">\n<p class=\"wp-block-paragraph\"><strong>Se il sottotetto non \u00e8 abitabile, non \u00e8 riscaldato e non si prevede di recuperarlo, normalmente conviene isolare il suo pavimento. Se il sottotetto \u00e8 una mansarda riscaldata, bisogna invece isolare le falde del tetto.<\/strong><\/p>\n<\/blockquote>\n\n\n\n<p class=\"wp-block-paragraph\">\u00c8 anche l\u2019indicazione generale fornita da <a href=\"https:\/\/www.efficienzaenergetica.enea.it\/servizi-per\/cittadini\/interventi-di-efficienza-e-risparmio-energetico-nelle-abitazioni\/solai-e-pareti\/sistemi-di-isolamento-termico.html\">ENEA sui sistemi di isolamento termico<\/a>. Ma la scelta definitiva va verificata sulla costruzione reale: un sottotetto non \u00e8 sempre semplicemente \u201cabitabile\u201d oppure \u201cinutile\u201d.<\/p>\n\n\n\n<h2 class=\"wp-block-heading\">La vera differenza: quale volume vogliamo proteggere?<\/h2>\n\n\n\n<p class=\"wp-block-paragraph\">Immaginiamo il volume riscaldato come una scatola.<\/p>\n\n\n\n<p class=\"wp-block-paragraph\">Se si isola il <strong>solaio del sottotetto<\/strong>, la scatola termina al soffitto dell\u2019ultimo piano. Il sottotetto resta fuori: sar\u00e0 un ambiente freddo in inverno e molto caldo in estate, ma gli ambienti abitati sottostanti vengono separati da esso.<\/p>\n\n\n\n<p class=\"wp-block-paragraph\">Se si isolano le <strong>falde<\/strong>, la scatola sale fino alla copertura. Il sottotetto entra nel volume termicamente protetto, insieme alle pareti di testata, ai raccordi e agli eventuali abbaini.<\/p>\n\n\n\n<p class=\"wp-block-paragraph\">Questa \u00e8 la domanda da fare prima di parlare di lana di roccia, fibra di legno, poliuretano o altri materiali:<\/p>\n\n\n\n<blockquote class=\"wp-block-quote is-layout-flow wp-block-quote-is-layout-flow\">\n<p class=\"wp-block-paragraph\"><strong>Il sottotetto deve stare dentro o fuori dall\u2019involucro termico della casa?<\/strong><\/p>\n<\/blockquote>\n\n\n\n<p class=\"wp-block-paragraph\">Sbagliare questa decisione significa spesso pagare una superficie maggiore per proteggere un volume che non verr\u00e0 mai utilizzato.<\/p>\n\n\n\n<h2 class=\"wp-block-heading\">Isolare il solaio del sottotetto<\/h2>\n\n\n\n<p class=\"wp-block-paragraph\">\u00c8 normalmente la soluzione pi\u00f9 semplice quando il sottotetto \u00e8 un vano tecnico, un deposito occasionale o uno spazio non praticabile.<\/p>\n\n\n\n<p class=\"wp-block-paragraph\">L\u2019isolante viene posato sul pavimento del sottotetto, sopra il solaio che copre l\u2019ultimo piano riscaldato. A seconda della situazione si possono utilizzare pannelli, materassini, materiali sfusi insufflati o sistemi calpestabili sopraelevati.<\/p>\n\n\n\n<h3 class=\"wp-block-heading\">I vantaggi<\/h3>\n\n\n\n<ul class=\"wp-block-list\">\n<li>si coibenta una superficie generalmente pi\u00f9 piccola di quella delle falde;<\/li>\n\n\n\n<li>si evita di riscaldare inutilmente il volume del sottotetto;<\/li>\n\n\n\n<li>la posa \u00e8 spesso pi\u00f9 rapida e non richiede di smontare la copertura;<\/li>\n\n\n\n<li>si riducono ponteggi, opere di lattoneria e lavorazioni esterne;<\/li>\n\n\n\n<li>l\u2019intervento pu\u00f2 essere ispezionato e integrato con maggiore facilit\u00e0;<\/li>\n\n\n\n<li>a parit\u00e0 di prestazione termica, il costo \u00e8 solitamente inferiore.<\/li>\n<\/ul>\n\n\n\n<h3 class=\"wp-block-heading\">I limiti<\/h3>\n\n\n\n<ul class=\"wp-block-list\">\n<li>il sottotetto resta freddo e non diventa una mansarda confortevole;<\/li>\n\n\n\n<li>se deve essere utilizzato come deposito, l\u2019isolante va protetto con un piano calpestabile progettato per i carichi previsti;<\/li>\n\n\n\n<li>tubazioni, serbatoi o impianti presenti nel vano rimangono esposti al freddo e devono essere verificati;<\/li>\n\n\n\n<li>botola, muretti perimetrali e passaggi impiantistici possono creare discontinuit\u00e0 importanti;<\/li>\n\n\n\n<li>il solaio deve essere controllato prima di aggiungere nuovi carichi permanenti.<\/li>\n<\/ul>\n\n\n\n<p class=\"wp-block-paragraph\">Un errore frequente \u00e8 stendere alcuni centimetri di materiale fra oggetti, cavi e passerelle, lasciando interruzioni dappertutto. L\u2019isolamento funziona bene soltanto se forma uno strato continuo e se anche la tenuta all\u2019aria del solaio viene curata.<\/p>\n\n\n\n<h2 class=\"wp-block-heading\">Isolare le falde del tetto<\/h2>\n\n\n\n<p class=\"wp-block-paragraph\">Questa soluzione \u00e8 corretta quando il sottotetto \u00e8 abitato, riscaldato o destinato concretamente a diventare una mansarda.<\/p>\n\n\n\n<p class=\"wp-block-paragraph\">L\u2019isolante pu\u00f2 essere posato:<\/p>\n\n\n\n<ul class=\"wp-block-list\">\n<li>dall\u2019esterno, sopra o tra gli elementi strutturali, rimuovendo il manto di copertura;<\/li>\n\n\n\n<li>dall\u2019interno, tra e sotto le travi, con un nuovo rivestimento;<\/li>\n\n\n\n<li>all\u2019interno di un sistema di copertura ventilata progettato nel suo insieme.<\/li>\n<\/ul>\n\n\n\n<h3 class=\"wp-block-heading\">I vantaggi<\/h3>\n\n\n\n<ul class=\"wp-block-list\">\n<li>il sottotetto entra nel volume protetto e pu\u00f2 essere reso confortevole;<\/li>\n\n\n\n<li>si possono trattare in modo organico falde, abbaini e pareti della mansarda;<\/li>\n\n\n\n<li>la posa dall\u2019esterno non sottrae altezza utile interna;<\/li>\n\n\n\n<li>se il tetto deve gi\u00e0 essere rifatto, isolamento, impermeabilizzazione e ventilazione possono essere coordinati in un unico intervento;<\/li>\n\n\n\n<li>una stratigrafia ben progettata pu\u00f2 migliorare molto anche il comfort estivo.<\/li>\n<\/ul>\n\n\n\n<h3 class=\"wp-block-heading\">I limiti<\/h3>\n\n\n\n<ul class=\"wp-block-list\">\n<li>la superficie inclinata \u00e8 maggiore della proiezione orizzontale del solaio;<\/li>\n\n\n\n<li>occorre isolare anche timpani, pareti basse, raccordi e altri elementi che delimitano il nuovo volume protetto;<\/li>\n\n\n\n<li>il lavoro dall\u2019esterno richiede generalmente ponteggi, rimozione delle tegole e gestione di impermeabilizzazione e lattonerie;<\/li>\n\n\n\n<li>il lavoro dall\u2019interno riduce lo spazio disponibile e rende pi\u00f9 delicati i raccordi con travi e murature;<\/li>\n\n\n\n<li>una stratigrafia sbagliata pu\u00f2 trattenere umidit\u00e0 nel pacchetto di copertura.<\/li>\n<\/ul>\n\n\n\n<p class=\"wp-block-paragraph\">Isolare le falde non rende automaticamente il tetto \u201cventilato\u201d. La ventilazione richiede una vera camera d\u2019aria continua, ingressi in gronda, uscita al colmo e dimensionamento coerente: non basta lasciare uno spazio casuale sotto le tegole.<\/p>\n\n\n\n<h2 class=\"wp-block-heading\">La scelta nei casi pi\u00f9 comuni<\/h2>\n\n\n\n<figure class=\"wp-block-table\"><table class=\"has-fixed-layout\"><tbody><tr><th>Situazione<\/th><th>Dove isolare normalmente<\/th><th>Perch\u00e9<\/th><\/tr><tr><td>Sottotetto basso, non praticabile e senza impianti<\/td><td>Sul solaio<\/td><td>Si protegge direttamente l\u2019ultimo piano con il minimo volume possibile<\/td><\/tr><tr><td>Sottotetto praticabile usato solo come deposito<\/td><td>Sul solaio, con percorso o piano calpestabile<\/td><td>Non serve riscaldare il deposito, ma occorre proteggere l\u2019isolante<\/td><\/tr><tr><td>Mansarda gi\u00e0 abitata e riscaldata<\/td><td>Lungo le falde e sulle pareti che delimitano la mansarda<\/td><td>Il sottotetto fa parte del volume riscaldato<\/td><\/tr><tr><td>Tetto da rifare e futuro recupero del sottotetto gi\u00e0 deciso<\/td><td>Sulle falde, valutando posa esterna<\/td><td>Si evita di riaprire la copertura fra pochi anni<\/td><\/tr><tr><td>Recupero del sottotetto soltanto ipotetico<\/td><td>Spesso sul solaio, con soluzione reversibile<\/td><td>Non conviene spendere oggi per un volume che potrebbe non diventare abitabile<\/td><\/tr><tr><td>Soffitto interno che segue direttamente la pendenza del tetto<\/td><td>Sulle falde<\/td><td>Non esiste un solaio orizzontale separato da isolare<\/td><\/tr><tr><td>Impianti sensibili al gelo nel sottotetto<\/td><td>Da valutare caso per caso<\/td><td>Pu\u00f2 convenire spostare o proteggere gli impianti invece di includere tutto il vano<\/td><\/tr><\/tbody><\/table><\/figure>\n\n\n\n<h2 class=\"wp-block-heading\">Un esempio concreto su una casa di 100 m\u00b2<\/h2>\n\n\n\n<p class=\"wp-block-paragraph\">Consideriamo l\u2019ultimo piano di una casa con una superficie di 100 m\u00b2 e un sottotetto non utilizzato. Con una copertura inclinata di 35\u00b0, la superficie complessiva delle falde \u00e8 indicativamente:<\/p>\n\n\n\n<p class=\"wp-block-paragraph\"><strong>100 \u00f7 cos 35\u00b0 = circa 122 m\u00b2<\/strong><\/p>\n\n\n\n<p class=\"wp-block-paragraph\">Isolare il tetto significa quindi trattare circa il 22% di superficie in pi\u00f9 rispetto al solaio, prima ancora di conteggiare timpani, raccordi, abbaini e lavorazioni di bordo.<\/p>\n\n\n\n<p class=\"wp-block-paragraph\">Ma la differenza non \u00e8 soltanto nei metri quadrati. Con l\u2019isolamento sulle falde si inserisce nella zona protetta anche tutto il volume d\u2019aria del sottotetto. Se quello spazio non serve, l\u2019impianto si trova a mantenere indirettamente condizioni pi\u00f9 favorevoli in un volume maggiore senza alcun vantaggio d\u2019uso.<\/p>\n\n\n\n<p class=\"wp-block-paragraph\">In questo caso, isolare il solaio \u00e8 generalmente l\u2019intervento pi\u00f9 efficiente dal punto di vista economico. L\u2019isolamento delle falde diventa sensato se si vuole usare il sottotetto, se il recupero \u00e8 realmente programmato o se l\u2019assenza di un solaio rende impossibile la soluzione orizzontale.<\/p>\n\n\n\n<h2 class=\"wp-block-heading\">Quale soluzione funziona meglio in inverno?<\/h2>\n\n\n\n<p class=\"wp-block-paragraph\">In inverno non vince automaticamente l\u2019isolamento \u201cpi\u00f9 vicino alle tegole\u201d. Conta soprattutto la continuit\u00e0 dello strato isolante, la sua resistenza termica, la correzione dei ponti termici e il controllo delle infiltrazioni d\u2019aria.<\/p>\n\n\n\n<p class=\"wp-block-paragraph\">Se il sottotetto resta inutilizzato, isolare il solaio consente di racchiudere un volume pi\u00f9 compatto. \u00c8 spesso il modo pi\u00f9 razionale per ridurre le dispersioni dell\u2019ultimo piano.<\/p>\n\n\n\n<p class=\"wp-block-paragraph\">Nella zona di Cuneo il problema \u00e8 particolarmente rilevante: siamo in un clima invernale severo e pochi centimetri posati male non costituiscono un intervento adeguato. Con isolanti tradizionali aventi conducibilit\u00e0 nell\u2019ordine di 0,034\u20130,040 W\/mK, gli spessori progettati finiscono frequentemente nell\u2019ordine di <strong>16\u201322 cm<\/strong>, ma non esiste uno spessore valido per ogni edificio. Servono il calcolo della stratigrafia esistente e la verifica del valore finale di trasmittanza.<\/p>\n\n\n\n<p class=\"wp-block-paragraph\">Il <a href=\"https:\/\/www.gazzettaufficiale.it\/do\/atto\/serie_generale\/caricaPdf?art.codiceRedazionale=15A05198&amp;art.dataPubblicazioneGazzetta=2015-07-15&amp;art.num=1&amp;art.tiposerie=SG&amp;cdimg=15A0519800100010110001&amp;dgu=2015-07-15\">D.M. 26 giugno 2015 sui requisiti minimi<\/a> richiede infatti verifiche diverse in funzione del tipo e dell\u2019estensione dell\u2019intervento. Se si vogliono utilizzare le detrazioni fiscali, si applicano inoltre i valori limite e le procedure previste dalla disciplina dell\u2019agevolazione.<\/p>\n\n\n\n<h2 class=\"wp-block-heading\">E in estate?<\/h2>\n\n\n\n<p class=\"wp-block-paragraph\">In estate la situazione \u00e8 pi\u00f9 complessa. Sotto le tegole la temperatura pu\u00f2 diventare molto elevata e il sottotetto accumula calore. Tuttavia questo non significa che isolare il solaio sia inutile: uno strato ben dimensionato separa comunque l\u2019ultimo piano dal vano surriscaldato.<\/p>\n\n\n\n<p class=\"wp-block-paragraph\">Per il comfort estivo contano anche:<\/p>\n\n\n\n<ul class=\"wp-block-list\">\n<li>capacit\u00e0 termica e densit\u00e0 della stratigrafia;<\/li>\n\n\n\n<li>trasmittanza termica periodica;<\/li>\n\n\n\n<li>colore e assorbimento della copertura;<\/li>\n\n\n\n<li>ventilazione del manto e del sottotetto;<\/li>\n\n\n\n<li>orientamento e ombreggiamento delle falde;<\/li>\n\n\n\n<li>presenza di finestre da tetto;<\/li>\n\n\n\n<li>tenuta all\u2019aria e possibilit\u00e0 di ventilare gli ambienti nelle ore fresche.<\/li>\n<\/ul>\n\n\n\n<p class=\"wp-block-paragraph\">Una copertura ventilata ben realizzata pu\u00f2 limitare parte del carico solare prima che raggiunga gli ambienti. Ma <strong>tetto ventilato<\/strong> e <strong>tetto isolato<\/strong> non sono sinonimi: la ventilazione completa l\u2019isolamento, non lo sostituisce.<\/p>\n\n\n\n<p class=\"wp-block-paragraph\">Nel sottotetto freddo, invece, bisogna evitare di chiudere senza criterio le aperture che ne garantiscono l\u2019aerazione. Una modifica apparentemente banale pu\u00f2 peggiorare l\u2019umidit\u00e0 del vano e delle strutture lignee.<\/p>\n\n\n\n<h2 class=\"wp-block-heading\">Condensa e barriera al vapore: il punto pi\u00f9 delicato<\/h2>\n\n\n\n<p class=\"wp-block-paragraph\">L\u2019aria calda e umida degli ambienti interni tende a raggiungere gli strati pi\u00f9 freddi attraverso fessure e diffusione del vapore. Se incontra temperature troppo basse, pu\u00f2 formarsi condensa superficiale o interstiziale.<\/p>\n\n\n\n<p class=\"wp-block-paragraph\">Per questo non \u00e8 corretto dire che \u201cserve sempre una barriera al vapore\u201d. In alcuni pacchetti \u00e8 necessaria una barriera; in altri \u00e8 pi\u00f9 adatto un freno al vapore; in altri ancora la stratigrafia pu\u00f2 funzionare senza uno strato molto chiuso. Dipende da:<\/p>\n\n\n\n<ul class=\"wp-block-list\">\n<li>materiali esistenti e nuovi;<\/li>\n\n\n\n<li>posizione dell\u2019isolante;<\/li>\n\n\n\n<li>clima interno ed esterno;<\/li>\n\n\n\n<li>ventilazione del sottotetto o della copertura;<\/li>\n\n\n\n<li>capacit\u00e0 degli strati di asciugare verso l\u2019interno o verso l\u2019esterno;<\/li>\n\n\n\n<li>continuit\u00e0 del sistema in corrispondenza di travi, pareti e impianti.<\/li>\n<\/ul>\n\n\n\n<p class=\"wp-block-paragraph\">La verifica termoigrometrica deve precedere la posa. Aggiungere un telo impermeabile \u201cper sicurezza\u201d pu\u00f2 produrre l\u2019effetto opposto e intrappolare l\u2019umidit\u00e0 nel legno o nell\u2019isolante.<\/p>\n\n\n\n<p class=\"wp-block-paragraph\">Prima di coibentare occorre inoltre eliminare infiltrazioni dal manto, controllare gronde e compluvi e verificare lo stato delle strutture. L\u2019isolante non ripara un tetto che perde: pu\u00f2 soltanto nascondere il problema e rendere pi\u00f9 difficile accorgersene.<\/p>\n\n\n\n<h2 class=\"wp-block-heading\">Quanto costa isolare il tetto o il sottotetto nel 2026?<\/h2>\n\n\n\n<p class=\"wp-block-paragraph\">I prezzi cambiano molto in base ad accessibilit\u00e0, spessore, materiale, finitura e condizioni della copertura. Come primo ordine di grandezza per lavori privati nel Cuneese si possono considerare:<\/p>\n\n\n\n<figure class=\"wp-block-table\"><table class=\"has-fixed-layout\"><tbody><tr><td>Intervento<\/td><td class=\"has-text-align-right\" data-align=\"right\">Costo orientativo 2026<\/td><\/tr><tr><td>Isolante sfuso o in materassini su solaio semplice non calpestabile<\/td><td class=\"has-text-align-right\" data-align=\"right\"><strong>25\u201360 \u20ac\/m\u00b2<\/strong><\/td><\/tr><tr><td>Isolamento del solaio con sistema calpestabile<\/td><td class=\"has-text-align-right\" data-align=\"right\"><strong>60\u2013120 \u20ac\/m\u00b2<\/strong><\/td><\/tr><tr><td>Isolamento delle falde dall\u2019interno con struttura e finitura<\/td><td class=\"has-text-align-right\" data-align=\"right\"><strong>80\u2013150 \u20ac\/m\u00b2<\/strong><\/td><\/tr><tr><td>Pacchetto isolante sulle falde dall\u2019esterno, durante lavori sul tetto<\/td><td class=\"has-text-align-right\" data-align=\"right\"><strong>100\u2013180 \u20ac\/m\u00b2<\/strong><\/td><\/tr><tr><td>Rifacimento completo della copertura con ponteggi, manto e lattonerie<\/td><td class=\"has-text-align-right\" data-align=\"right\">spesso <strong>oltre 220\u2013450 \u20ac\/m\u00b2<\/strong><\/td><\/tr><\/tbody><\/table><\/figure>\n\n\n\n<p class=\"wp-block-paragraph\">Sono intervalli preliminari, non un preventivo. Possono restare esclusi ponteggi complessi, bonifiche, opere strutturali, rimozioni particolari, linee vita, progettazione, sicurezza e IVA. Per una stima attendibile \u00e8 necessario misurare la superficie reale e definire la stratigrafia; il <a href=\"https:\/\/www.regione.piemonte.it\/web\/temi\/protezione-civile-difesa-suolo-opere-pubbliche\/opere-pubbliche\/prezzario-regione-piemonte-2026\">Prezzario della Regione Piemonte 2026<\/a> costituisce un utile riferimento per materiali e lavorazioni, ma non sostituisce l\u2019analisi del singolo cantiere.<\/p>\n\n\n\n<p class=\"wp-block-paragraph\">La differenza di costo spiega perch\u00e9, in un sottotetto inutilizzato, isolare le falde \u201cper fare un lavoro pi\u00f9 completo\u201d pu\u00f2 in realt\u00e0 significare spendere molto di pi\u00f9 senza ottenere un beneficio proporzionato.<\/p>\n\n\n\n<h2 class=\"wp-block-heading\">E se un domani volessi recuperare il sottotetto?<\/h2>\n\n\n\n<p class=\"wp-block-paragraph\">\u00c8 il caso che richiede pi\u00f9 buon senso.<\/p>\n\n\n\n<p class=\"wp-block-paragraph\">Se il recupero \u00e8 gi\u00e0 stato verificato urbanisticamente, \u00e8 economicamente realistico e si intende rifare il tetto a breve, pu\u00f2 essere opportuno isolare subito le falde. Si evita cos\u00ec di posare oggi un isolamento sul solaio e rimuoverlo tra pochi anni.<\/p>\n\n\n\n<p class=\"wp-block-paragraph\">Se invece il recupero \u00e8 soltanto un\u2019idea, prima di spendere occorre controllare almeno:<\/p>\n\n\n\n<ul class=\"wp-block-list\">\n<li>altezze medie e minime;<\/li>\n\n\n\n<li>possibilit\u00e0 di raggiungere i rapporti aeroilluminanti;<\/li>\n\n\n\n<li>accesso e scala;<\/li>\n\n\n\n<li>requisiti strutturali e sismici;<\/li>\n\n\n\n<li>possibilit\u00e0 di realizzare gli impianti;<\/li>\n\n\n\n<li>destinazione urbanistica e stato legittimo;<\/li>\n\n\n\n<li>norme regionali sul recupero dei sottotetti;<\/li>\n\n\n\n<li>costi complessivi dell\u2019intervento.<\/li>\n<\/ul>\n\n\n\n<p class=\"wp-block-paragraph\">Un sottotetto alto non \u00e8 automaticamente recuperabile. Se le verifiche non sono state fatte, pu\u00f2 essere pi\u00f9 prudente isolare il solaio con un sistema reversibile e non pagare oggi per una mansarda che potrebbe non essere autorizzabile.<\/p>\n\n\n\n<h2 class=\"wp-block-heading\">Detrazioni fiscali 2026: attenzione a quale superficie si isola<\/h2>\n\n\n\n<p class=\"wp-block-paragraph\">Per accedere all\u2019Ecobonus, l\u2019elemento coibentato deve delimitare il volume riscaldato verso l\u2019esterno, il terreno o un vano non riscaldato e deve rispettare i requisiti di trasmittanza previsti. ENEA chiarisce che, nel caso di un sottotetto praticabile ma non abitabile e non riscaldato, \u00e8 agevolabile la coibentazione fra il solaio e gli ambienti riscaldati sottostanti, non quella fra le falde e il sottotetto freddo. La relativa spiegazione \u00e8 contenuta nelle <a href=\"https:\/\/www.efficienzaenergetica.enea.it\/detrazioni-fiscali\/ecobonus\/faq-ecobonus\/b-coibentazione-parti-opache-sostituzione-dei-serramenti-e-installazione-delle-schermature-solari-comma-345.html\">FAQ ENEA sulla coibentazione delle strutture opache<\/a>.<\/p>\n\n\n\n<p class=\"wp-block-paragraph\">Per le spese sostenute nel 2026, l\u2019Agenzia delle Entrate indica in via generale una detrazione del <strong>36%<\/strong>, elevata al <strong>50% per l\u2019abitazione principale<\/strong> quando ricorrono le condizioni previste dalla legge. Le aliquote e i requisiti vanno verificati sul beneficiario, sull\u2019immobile e sul tipo di intervento prima di iniziare i lavori. Le informazioni aggiornate sono disponibili nelle pagine ufficiali dedicate al <a href=\"https:\/\/www.agenziaentrate.gov.it\/portale\/aree-tematiche\/casa\/agevolazioni\/agevolazioni-risparmio-energetico\">risparmio energetico<\/a> e alle <a href=\"https:\/\/www.agenziaentrate.gov.it\/portale\/aree-tematiche\/casa\/agevolazioni\/agevolazioni-per-le-ristrutturazioni-edilizie\">ristrutturazioni edilizie<\/a>.<\/p>\n\n\n\n<p class=\"wp-block-paragraph\">Per Ecobonus e Bonus Casa, quando l\u2019intervento comporta risparmio energetico, la scheda descrittiva deve essere trasmessa attraverso il portale ENEA entro <strong>90 giorni dalla fine dei lavori<\/strong>, secondo le <a href=\"https:\/\/www.efficienzaenergetica.enea.it\/detrazioni-fiscali.html\">indicazioni ENEA per le detrazioni fiscali<\/a>.<\/p>\n\n\n\n<h2 class=\"wp-block-heading\">Gli errori pi\u00f9 frequenti<\/h2>\n\n\n\n<h3 class=\"wp-block-heading\">1. Isolare le falde soltanto perch\u00e9 sembra la soluzione migliore<\/h3>\n\n\n\n<p class=\"wp-block-paragraph\">Se il sottotetto non verr\u00e0 utilizzato, significa aumentare superficie e volume protetti senza una necessit\u00e0 reale.<\/p>\n\n\n\n<h3 class=\"wp-block-heading\">2. Scegliere lo spessore prima del progetto<\/h3>\n\n\n\n<p class=\"wp-block-paragraph\">\u201cDieci centimetri bastano\u201d non \u00e8 un criterio. Lo spessore dipende dalla conducibilit\u00e0 del materiale, dagli strati esistenti, dal clima e dalle prestazioni richieste.<\/p>\n\n\n\n<h3 class=\"wp-block-heading\">3. Ignorare botola e raccordi perimetrali<\/h3>\n\n\n\n<p class=\"wp-block-paragraph\">Una botola non isolata o un bordo discontinuo pu\u00f2 diventare il punto pi\u00f9 freddo del soffitto e favorire condensa e muffa.<\/p>\n\n\n\n<h3 class=\"wp-block-heading\">4. Comprimere i materiali fibrosi<\/h3>\n\n\n\n<p class=\"wp-block-paragraph\">La lana minerale schiacciata sotto assi, scatoloni o passerelle non mantiene automaticamente la prestazione dichiarata. Se il vano deve essere usato, serve un sistema calpestabile dedicato.<\/p>\n\n\n\n<h3 class=\"wp-block-heading\">5. Applicare una barriera al vapore senza verifica<\/h3>\n\n\n\n<p class=\"wp-block-paragraph\">Un telo posato dalla parte sbagliata o raccordato male pu\u00f2 intrappolare l\u2019umidit\u00e0 invece di controllarla.<\/p>\n\n\n\n<h3 class=\"wp-block-heading\">6. Coibentare sopra infiltrazioni esistenti<\/h3>\n\n\n\n<p class=\"wp-block-paragraph\">Prima vengono manto, lattonerie e strutture; poi l\u2019isolamento.<\/p>\n\n\n\n<h3 class=\"wp-block-heading\">7. Dimenticare gli impianti nel sottotetto<\/h3>\n\n\n\n<p class=\"wp-block-paragraph\">Con l\u2019isolamento sul solaio, tubi e apparecchi restano nel vano freddo. Devono essere spostati, protetti o valutati nel progetto.<\/p>\n\n\n\n<h2 class=\"wp-block-heading\">In conclusione: tetto o sottotetto?<\/h2>\n\n\n\n<p class=\"wp-block-paragraph\">La soluzione migliore non \u00e8 quella con il materiale pi\u00f9 costoso o con il maggior numero di strati. \u00c8 quella che traccia nel punto giusto il confine tra spazio riscaldato e spazio non riscaldato.<\/p>\n\n\n\n<p class=\"wp-block-paragraph\">In sintesi:<\/p>\n\n\n\n<ul class=\"wp-block-list\">\n<li><strong>sottotetto inutilizzato e freddo:<\/strong> normalmente si isola il solaio;<\/li>\n\n\n\n<li><strong>mansarda abitata o riscaldata:<\/strong> si isolano le falde e tutte le superfici di confine;<\/li>\n\n\n\n<li><strong>tetto da rifare e recupero gi\u00e0 deciso:<\/strong> conviene valutare la coibentazione esterna delle falde;<\/li>\n\n\n\n<li><strong>recupero solo ipotetico:<\/strong> prima si verifica la fattibilit\u00e0, poi si decide dove isolare;<\/li>\n\n\n\n<li><strong>presenza di umidit\u00e0 o strutture in legno:<\/strong> la verifica termoigrometrica \u00e8 indispensabile.<\/li>\n<\/ul>\n\n\n\n<p class=\"wp-block-paragraph\">Un professionista pu\u00f2 aiutarti per, la verifica della copertura e del solaio, il calcolo della stratigrafia e il confronto tecnico-economico fra le alternative. L\u2019obiettivo non \u00e8 semplicemente aggiungere isolante, ma scegliere l\u2019intervento che riduce davvero le dispersioni senza creare condensa, costi inutili o ostacoli a un futuro recupero del sottotetto.<\/p>\n\n\n\n<h2 class=\"wp-block-heading\">Riferimenti tecnici e normativi<\/h2>\n\n\n\n<ul class=\"wp-block-list\">\n<li><a href=\"https:\/\/www.efficienzaenergetica.enea.it\/servizi-per\/cittadini\/interventi-di-efficienza-e-risparmio-energetico-nelle-abitazioni\/solai-e-pareti\/sistemi-di-isolamento-termico.html\">ENEA \u2013 Sistemi di isolamento termico<\/a><\/li>\n\n\n\n<li><a href=\"https:\/\/www.efficienzaenergetica.enea.it\/detrazioni-fiscali\/ecobonus\/vademecum\/coibentazione-strutture.html\">ENEA \u2013 Coibentazione delle strutture opache<\/a><\/li>\n\n\n\n<li><a href=\"https:\/\/www.efficienzaenergetica.enea.it\/detrazioni-fiscali\/ecobonus\/faq-ecobonus\/b-coibentazione-parti-opache-sostituzione-dei-serramenti-e-installazione-delle-schermature-solari-comma-345.html\">ENEA \u2013 FAQ su coperture e sottotetti non riscaldati<\/a><\/li>\n\n\n\n<li><a href=\"https:\/\/www.gazzettaufficiale.it\/do\/atto\/serie_generale\/caricaPdf?art.codiceRedazionale=15A05198&amp;art.dataPubblicazioneGazzetta=2015-07-15&amp;art.num=1&amp;art.tiposerie=SG&amp;cdimg=15A0519800100010110001&amp;dgu=2015-07-15\">D.M. 26 giugno 2015 \u2013 Requisiti minimi degli edifici<\/a><\/li>\n\n\n\n<li><a href=\"https:\/\/www.gazzettaufficiale.it\/eli\/id\/2020\/10\/05\/20A05394\/sg\">D.M. 6 agosto 2020 \u2013 Requisiti tecnici per le detrazioni<\/a><\/li>\n\n\n\n<li><a href=\"https:\/\/www.agenziaentrate.gov.it\/portale\/aree-tematiche\/casa\/agevolazioni\/agevolazioni-risparmio-energetico\">Agenzia delle Entrate \u2013 Agevolazioni per il risparmio energetico<\/a><\/li>\n\n\n\n<li><a href=\"https:\/\/www.regione.piemonte.it\/web\/temi\/protezione-civile-difesa-suolo-opere-pubbliche\/opere-pubbliche\/prezzario-regione-piemonte-2026\">Prezzario Regione Piemonte 2026<\/a><\/li>\n<\/ul>","protected":false},"excerpt":{"rendered":"<p>Isolare il tetto e isolare il solaio del sottotetto non sono due modi equivalenti di fare lo stesso lavoro: cambia il volume protetto, il costo e perfino ci\u00f2 che si potr\u00e0 fare in futuro<\/p>","protected":false},"author":1,"featured_media":169,"comment_status":"open","ping_status":"open","sticky":false,"template":"","format":"standard","meta":{"_monsterinsights_skip_tracking":false,"footnotes":""},"categories":[14,16],"tags":[19,21,18,20],"class_list":["post-168","post","type-post","status-publish","format-standard","has-post-thumbnail","hentry","category-case-e-privati","category-comfort-e-termotecnica","tag-coibentazione","tag-ingegneria","tag-isolamento-tetto","tag-risparmio-energetico"],"_links":{"self":[{"href":"https:\/\/www.studiolerda.it\/en\/wp-json\/wp\/v2\/posts\/168","targetHints":{"allow":["GET"]}}],"collection":[{"href":"https:\/\/www.studiolerda.it\/en\/wp-json\/wp\/v2\/posts"}],"about":[{"href":"https:\/\/www.studiolerda.it\/en\/wp-json\/wp\/v2\/types\/post"}],"author":[{"embeddable":true,"href":"https:\/\/www.studiolerda.it\/en\/wp-json\/wp\/v2\/users\/1"}],"replies":[{"embeddable":true,"href":"https:\/\/www.studiolerda.it\/en\/wp-json\/wp\/v2\/comments?post=168"}],"version-history":[{"count":1,"href":"https:\/\/www.studiolerda.it\/en\/wp-json\/wp\/v2\/posts\/168\/revisions"}],"predecessor-version":[{"id":170,"href":"https:\/\/www.studiolerda.it\/en\/wp-json\/wp\/v2\/posts\/168\/revisions\/170"}],"wp:featuredmedia":[{"embeddable":true,"href":"https:\/\/www.studiolerda.it\/en\/wp-json\/wp\/v2\/media\/169"}],"wp:attachment":[{"href":"https:\/\/www.studiolerda.it\/en\/wp-json\/wp\/v2\/media?parent=168"}],"wp:term":[{"taxonomy":"category","embeddable":true,"href":"https:\/\/www.studiolerda.it\/en\/wp-json\/wp\/v2\/categories?post=168"},{"taxonomy":"post_tag","embeddable":true,"href":"https:\/\/www.studiolerda.it\/en\/wp-json\/wp\/v2\/tags?post=168"}],"curies":[{"name":"wp","href":"https:\/\/api.w.org\/{rel}","templated":true}]}}