{"id":137,"date":"2026-08-25T08:21:31","date_gmt":"2026-08-25T08:21:31","guid":{"rendered":"https:\/\/www.studiolerda.it\/?p=137"},"modified":"2026-09-02T08:26:42","modified_gmt":"2026-09-02T08:26:42","slug":"posso-aprire-un-abbaino-o-un-velux-nel-mio-sottotetto","status":"publish","type":"post","link":"https:\/\/www.studiolerda.it\/en\/posso-aprire-un-abbaino-o-un-velux-nel-mio-sottotetto\/","title":{"rendered":"Posso aprire un abbaino o un Velux nel mio sottotetto?"},"content":{"rendered":"<p class=\"wp-block-paragraph\"><em>A cura dello Studio di Ingegneria Lerda \u2014 aggiornato il 2 settembre 2026<\/em><\/p>\n\n\n\n<p class=\"wp-block-paragraph\">Una mansarda poco luminosa pu\u00f2 cambiare molto con una finestra ben posizionata. Prima di scegliere il modello, per\u00f2, bisogna capire se quell\u2019apertura \u00e8 realizzabile e quali lavori comporta sul tetto.<\/p>\n\n\n\n<p class=\"wp-block-paragraph\"><strong>Aprire una finestra a filo falda o costruire un abbaino pu\u00f2 essere possibile, ma non \u00e8 un intervento automaticamente libero.<\/strong> Contano la destinazione autorizzata del locale, le caratteristiche della copertura e le regole applicabili all\u2019edificio.<\/p>\n\n\n\n<p class=\"wp-block-paragraph\">C\u2019\u00e8 soprattutto una distinzione da tenere presente: dare pi\u00f9 luce a una mansarda gi\u00e0 abitabile non \u00e8 la stessa cosa che trasformare una soffitta in una camera. La finestra, da sola, non autorizza il nuovo utilizzo.<\/p>\n\n\n\n<h2 class=\"wp-block-heading\">Abbaino o finestra da tetto: cosa cambia nella pratica<\/h2>\n\n\n\n<p class=\"wp-block-paragraph\">\u201cVelux\u201d \u00e8 un marchio commerciale, spesso utilizzato per indicare la finestra inserita nel piano inclinato del tetto. L\u2019abbaino, invece, emerge dalla falda e ha una finestra generalmente verticale, pareti laterali e una propria copertura.<\/p>\n\n\n\n<p class=\"wp-block-paragraph\">La <strong>finestra a filo falda<\/strong> \u00e8 la prima soluzione da valutare quando servono soprattutto luce e ricambio d\u2019aria e l\u2019altezza della stanza \u00e8 gi\u00e0 sufficiente. Non aumenta lo spazio in cui si pu\u00f2 stare in piedi.<\/p>\n\n\n\n<p class=\"wp-block-paragraph\">L\u2019<strong>abbaino<\/strong> pu\u00f2 migliorare l\u2019affaccio e rendere pi\u00f9 utilizzabile una porzione del locale, ma comporta una trasformazione maggiore della copertura. Il vantaggio va misurato su una sezione del sottotetto: un piccolo aumento di spazio potrebbe non giustificare le opere necessarie.<\/p>\n\n\n\n<p class=\"wp-block-paragraph\">Il termine \u201clucernario\u201d non identifica, da solo, le prestazioni del prodotto. Per un ambiente abitato occorre scegliere un serramento adatto all\u2019uso previsto, non semplicemente un\u2019apertura destinata all\u2019accesso occasionale al tetto.<\/p>\n\n\n\n<h2 class=\"wp-block-heading\">Il sottotetto \u00e8 gi\u00e0 abitabile oppure \u00e8 ancora una soffitta?<\/h2>\n\n\n\n<p class=\"wp-block-paragraph\">Prima del sopralluogo conviene recuperare i progetti e le pratiche edilizie disponibili. La presenza di mobili, riscaldamento o di una stanza disegnata in Catasto non basta, da sola, a dimostrare che il locale sia autorizzato come abitazione.<\/p>\n\n\n\n<figure class=\"wp-block-table\"><table class=\"has-fixed-layout\"><tbody><tr><th>Situazione di partenza<\/th><th>Cosa bisogna valutare<\/th><\/tr><tr><td>Mansarda gi\u00e0 legittimamente abitabile<\/td><td>La possibilit\u00e0 di aggiungere l\u2019apertura, senza dover effettuare un nuovo recupero abitativo per il solo fatto di installarla.<\/td><\/tr><tr><td>Soffitta che rimane un locale accessorio<\/td><td>L\u2019apertura pu\u00f2 essere valutata, ma non autorizza a utilizzare lo spazio come camera o soggiorno.<\/td><\/tr><tr><td>Sottotetto da trasformare in abitazione<\/td><td>La finestra deve rientrare nel progetto complessivo di recupero, insieme alle verifiche su uso, altezze, strutture e requisiti igienico-sanitari.<\/td><\/tr><\/tbody><\/table><\/figure>\n\n\n\n<p class=\"wp-block-paragraph\">Se vuoi capire prima di tutto se il locale pu\u00f2 diventare abitabile, trovi l\u2019approfondimento su <a href=\"https:\/\/www.studiolerda.it\/en\/recupero-sottotetto-altezze-minime\/\">recupero del sottotetto e altezze minime<\/a>.<\/p>\n\n\n\n<h2 class=\"wp-block-heading\">Quali permessi servono per aprire un Velux o un abbaino?<\/h2>\n\n\n\n<p class=\"wp-block-paragraph\">Sostituire una finestra esistente senza modificarne posizione, dimensioni e caratteristiche rilevanti \u00e8 diverso dal creare un foro nuovo. La sostituzione pu\u00f2 rientrare nella manutenzione ordinaria; restano comunque da rispettare vincoli e prescrizioni applicabili.<\/p>\n\n\n\n<p class=\"wp-block-paragraph\">Per una <strong>nuova apertura<\/strong> non \u00e8 corretto promettere in anticipo che \u201cbasta una CILA\u201d. L\u2019assenza di tagli alle travi non risolve, da sola, l\u2019inquadramento edilizio: va valutata anche la modifica dell\u2019aspetto esterno e dei prospetti.<\/p>\n\n\n\n<p class=\"wp-block-paragraph\">La CILA riguarda gli interventi che ricadono nel relativo ambito residuale. La manutenzione straordinaria che interessa strutture o prospetti rientra invece nella SCIA, secondo l\u2019articolo 22 del Testo unico dell\u2019edilizia. Trasformazioni pi\u00f9 rilevanti possono richiedere un diverso titolo, compreso il permesso di costruire o, nei casi previsti, la SCIA alternativa. <a href=\"https:\/\/www.normattiva.it\/atto\/caricaDettaglioAtto?atto.codiceRedazionale=001G0429&amp;atto.dataPubblicazioneGazzetta=2001-10-20\">D.P.R. 380\/2001, articoli 6, 6-bis, 10, 22 e 23<\/a>.<\/p>\n\n\n\n<p class=\"wp-block-paragraph\">Per un abbaino occorre quindi valutare anche gli effetti su sagoma e volume. Se si interviene sulle parti portanti, vanno inoltre definiti gli adempimenti strutturali e sismici: la pratica edilizia non li sostituisce.<\/p>\n\n\n\n<p class=\"wp-block-paragraph\">La <a href=\"https:\/\/www.studiolerda.it\/en\/servizi\/recupero-sottotetti\/\">verifica di fattibilit\u00e0 del sottotetto<\/a> serve proprio a individuare questi aspetti prima di ordinare il serramento o impegnarsi con l\u2019impresa.<\/p>\n\n\n\n<h2 class=\"wp-block-heading\">Cosa prevede la legge piemontese sul recupero dei sottotetti?<\/h2>\n\n\n\n<p class=\"wp-block-paragraph\">L\u2019articolo 6 della L.R. Piemonte 16\/2018, modificato dalla L.R. 25\/2024, disciplina il recupero dei sottotetti esistenti e legittimi alla data del <strong>31 dicembre 2023<\/strong>, alle condizioni previste dalla norma.<\/p>\n\n\n\n<p class=\"wp-block-paragraph\">In questo ambito sono ammesse aperture, lucernari e abbaini coerenti con i caratteri architettonici e strutturali dell\u2019edificio. Per il recupero disciplinato dall\u2019articolo 6 \u00e8 previsto un rapporto di aeroilluminazione naturale di almeno <strong>1\/16 rispetto alla superficie del locale<\/strong>. Questo valore non va esteso automaticamente a qualsiasi mansarda o a qualsiasi intervento. <a href=\"https:\/\/www.regione.piemonte.it\/governo\/bollettino\/abbonati\/2024\/45\/attach\/aa_aa_regione%20piemonte%20-%20legge%20regionale_2024-11-07_92423.pdf\">L.R. 25\/2024, con testo coordinato dell\u2019articolo 6 nelle note<\/a>.<\/p>\n\n\n\n<p class=\"wp-block-paragraph\">Se il sottotetto \u00e8 gi\u00e0 legittimamente abitabile e vuoi soltanto aggiungere una finestra, non devi \u201crecuperarlo\u201d nuovamente. Occorre verificare la nuova opera nel suo effettivo contesto, senza dare per scontata l\u2019applicazione delle deroghe previste per il recupero.<\/p>\n\n\n\n<h2 class=\"wp-block-heading\">A Cuneo bisogna controllare anche le regole comunali<\/h2>\n\n\n\n<p class=\"wp-block-paragraph\">La verifica va riferita al singolo immobile: piano regolatore, regolamento edilizio, classificazione dell\u2019edificio ed eventuali prescrizioni sulla copertura.<\/p>\n\n\n\n<p class=\"wp-block-paragraph\">In un centro storico o su un edificio tutelato, posizione, numero e dimensioni delle aperture possono essere determinanti quanto la loro realizzabilit\u00e0 tecnica. Non esiste una misura di abbaino da considerare autorizzabile in tutti i Comuni della provincia.<\/p>\n\n\n\n<p class=\"wp-block-paragraph\">Anche il controllo paesaggistico \u00e8 distinto dalla pratica edilizia. Il D.P.R. 31\/2017 prevede sia casi esclusi dall\u2019autorizzazione sia interventi soggetti a procedura semplificata, con condizioni specifiche per finestre e modifiche delle coperture. Una finestra a filo falda non \u00e8 quindi sempre esente, n\u00e9 richiede sempre la stessa procedura. <a href=\"https:\/\/www.gazzettaufficiale.it\/eli\/id\/2017\/03\/22\/17G00042\/sg\">D.P.R. 31\/2017, allegati A e B, in particolare voci A.2, B.2 e B.4<\/a>.<\/p>\n\n\n\n<h2 class=\"wp-block-heading\">Se il tetto \u00e8 condominiale serve il consenso degli altri proprietari?<\/h2>\n\n\n\n<p class=\"wp-block-paragraph\">Il tetto \u00e8 normalmente comune, salvo diverso titolo, anche quando la mansarda appartiene a un solo proprietario. Non si pu\u00f2 quindi ragionare soltanto sulla porzione di copertura che si trova sopra il proprio appartamento.<\/p>\n\n\n\n<p class=\"wp-block-paragraph\">Non tutte le aperture richiedono automaticamente una delibera favorevole dell\u2019assemblea. Vanno per\u00f2 verificati il titolo di propriet\u00e0, il regolamento contrattuale e il rispetto dei diritti degli altri condomini, oltre a stabilit\u00e0, sicurezza e decoro architettonico.<\/p>\n\n\n\n<p class=\"wp-block-paragraph\">Per le opere contemplate dall\u2019articolo 1122 del Codice civile \u00e8 prevista la <strong>preventiva comunicazione all\u2019amministratore<\/strong>, che ne riferisce all\u2019assemblea: non \u00e8 soltanto una cortesia. L\u2019eventuale necessit\u00e0 di un consenso ulteriore dipende dall\u2019intervento e dalla disciplina applicabile. <a href=\"https:\/\/www.gazzettaufficiale.it\/atto\/serie_generale\/caricaArticolo?art.codiceRedazionale=012G0241&amp;art.dataPubblicazioneGazzetta=2012-12-17&amp;art.flagTipoArticolo=0&amp;art.idArticolo=6&amp;art.idGruppo=0&amp;art.idSottoArticolo=1&amp;art.idSottoArticolo1=10&amp;art.progressivo=0&amp;art.versione=1\">Legge 220\/2012, articolo 6, che sostituisce l\u2019articolo 1122 del Codice civile<\/a>.<\/p>\n\n\n\n<p class=\"wp-block-paragraph\">Un titolo edilizio, in ogni caso, non elimina eventuali problemi nei rapporti con gli altri proprietari.<\/p>\n\n\n\n<h2 class=\"wp-block-heading\">La posizione della finestra si sceglie anche guardando la struttura<\/h2>\n\n\n\n<p class=\"wp-block-paragraph\">Una finestra che si inserisce tra gli elementi portanti pu\u00f2 richiedere opere diverse da un\u2019apertura che intercetta una trave. Per questo le misure non dovrebbero essere decise soltanto in base all\u2019arredamento o al modello disponibile in negozio.<\/p>\n\n\n\n<p class=\"wp-block-paragraph\">Se occorre modificare elementi strutturali, il progetto deve stabilire come trasferire i carichi e realizzare i rinforzi. Non si pu\u00f2 rimandare questa decisione al momento in cui viene aperto il tetto.<\/p>\n\n\n\n<p class=\"wp-block-paragraph\">Vanno poi definiti i raccordi con la copertura, lo smaltimento dell\u2019acqua, la continuit\u00e0 dell\u2019isolamento e la tenuta all\u2019aria. Nei locali esposti al sole bisogna valutare anche la protezione estiva: una mansarda pi\u00f9 luminosa deve rimanere confortevole durante i mesi caldi.<\/p>\n\n\n\n<h2 class=\"wp-block-heading\">Quanto costa una finestra da tetto? E quanto costa un abbaino?<\/h2>\n\n\n\n<p class=\"wp-block-paragraph\">Il prezzo del serramento e il costo dell\u2019intervento completo sono due cose diverse.<\/p>\n\n\n\n<p class=\"wp-block-paragraph\">Per dare un riferimento verificabile, nella guida del produttore consultata il 2 settembre 2026 una finestra VELUX singola standard \u00e8 indicata <strong>a partire da 466,04 euro, IVA inclusa e installazione esclusa<\/strong>. \u00c8 un prezzo di partenza per il prodotto, non un preventivo per aprire una nuova finestra sul proprio tetto; modello, misure e dotazioni vanno verificati nell\u2019offerta. <a href=\"https:\/\/www.velux.it\/magazine\/installare-una-finestra-da-tetto-costi-e-budget-progetto\">Guida VELUX ai costi<\/a>.<\/p>\n\n\n\n<p class=\"wp-block-paragraph\">Per confrontare due preventivi, chiedi che siano esplicitate almeno queste voci:<\/p>\n\n\n\n<figure class=\"wp-block-table\"><table class=\"has-fixed-layout\"><tbody><tr><th>Voce<\/th><th>Cosa deve risultare chiaro<\/th><\/tr><tr><td>Serramento e accessori<\/td><td>Misure, vetrata, apertura, raccordi, eventuale motorizzazione e schermatura.<\/td><\/tr><tr><td>Opere sulla copertura<\/td><td>Nuovo foro, eventuali rinforzi, impermeabilizzazione e ripristino del manto.<\/td><\/tr><tr><td>Finiture interne<\/td><td>Isolamento, raccordo con il soffitto, intonaco o cartongesso e tinteggiatura.<\/td><\/tr><tr><td>Accesso e sicurezza<\/td><td>Ponteggi, piattaforme o altre opere provvisionali necessarie.<\/td><\/tr><tr><td>Prestazioni tecniche e pratiche<\/td><td>Rilievi, progetto, eventuali calcoli strutturali, autorizzazioni e diritti.<\/td><\/tr><\/tbody><\/table><\/figure>\n\n\n\n<p class=\"wp-block-paragraph\">Il preventivo deve chiarire anche esclusioni e trattamento dell\u2019IVA.<\/p>\n\n\n\n<p class=\"wp-block-paragraph\">Per un <strong>abbaino<\/strong> si aggiungono una struttura emergente, pareti laterali, copertura e relativi raccordi: una fascia di prezzo generica pu\u00f2 essere poco utile senza un disegno e un sopralluogo. Se il tetto deve gi\u00e0 essere rifatto, conviene valutare l\u2019apertura nello stesso progetto, verificando quali lavorazioni e apprestamenti possano essere condivisi.<\/p>\n\n\n\n<h2 class=\"wp-block-heading\">Le domande da chiarire prima di iniziare<\/h2>\n\n\n\n<h3 class=\"wp-block-heading\">Una finestra pu\u00f2 rendere abitabile un sottotetto troppo basso?<\/h3>\n\n\n\n<p class=\"wp-block-paragraph\">No. L\u2019apertura pu\u00f2 migliorare luce e aerazione, ma non corregge da sola un\u2019altezza insufficiente n\u00e9 autorizza un cambio d\u2019uso. Anche l\u2019eventuale contributo di un abbaino alle altezze va calcolato nell\u2019ambito del progetto e della normativa applicabile.<\/p>\n\n\n\n<h3 class=\"wp-block-heading\">Ho gi\u00e0 una finestra mai autorizzata: posso sostituirla e regolarizzare tutto?<\/h3>\n\n\n\n<p class=\"wp-block-paragraph\">La sostituzione non sana automaticamente l\u2019apertura originaria. Bisogna prima ricostruire la documentazione dell\u2019immobile e verificare se esista una difformit\u00e0 e come possa essere trattata.<\/p>\n\n\n\n<h3 class=\"wp-block-heading\">Quali documenti servono per una prima valutazione?<\/h3>\n\n\n\n<p class=\"wp-block-paragraph\">Sono utili il Comune e l\u2019indirizzo dell\u2019immobile, i progetti edilizi disponibili, eventuali documenti di agibilit\u00e0, una pianta e una sezione del sottotetto, fotografie interne ed esterne. In condominio servono anche informazioni sulla propriet\u00e0 della copertura e sul regolamento. I documenti mancanti potranno richiedere un accesso agli atti; le fotografie non sostituiscono il rilievo.<\/p>\n\n\n\n<h2 class=\"wp-block-heading\">Vuoi aprire una finestra nel tuo sottotetto?<\/h2>\n\n\n\n<p class=\"wp-block-paragraph\">Indica il Comune, l\u2019uso attuale del locale e se stai pensando a una finestra a filo falda oppure a un abbaino. Lo Studio di Ingegneria Lerda pu\u00f2 valutare quali verifiche urbanistiche e strutturali servono prima di procedere, a Cuneo e in Piemonte.<\/p>\n\n\n\n<p class=\"wp-block-paragraph\"><strong><a href=\"https:\/\/www.studiolerda.it\/en\/#contatti\">Richiedi una verifica di fattibilit\u00e0<\/a><\/strong><\/p>\n\n\n\n<p class=\"wp-block-paragraph\">Preferisci parlarne al telefono? <strong><a href=\"tel:+390171699198\">0171 699198<\/a><\/strong>.<\/p>\n\n\n\n<h2 class=\"wp-block-heading\">Riferimenti normativi e fonti<\/h2>\n\n\n\n<ul class=\"wp-block-list\">\n<li><a href=\"https:\/\/www.normattiva.it\/atto\/caricaDettaglioAtto?atto.codiceRedazionale=001G0429&amp;atto.dataPubblicazioneGazzetta=2001-10-20\">D.P.R. 6 giugno 2001, n. 380 \u2014 Testo unico dell\u2019edilizia<\/a>: classificazione degli interventi, titoli edilizi e disciplina delle strutture.<\/li>\n\n\n\n<li><a href=\"https:\/\/www.regione.piemonte.it\/governo\/bollettino\/abbonati\/2024\/45\/attach\/aa_aa_regione%20piemonte%20-%20legge%20regionale_2024-11-07_92423.pdf\">L.R. Piemonte 7 novembre 2024, n. 25<\/a>: modifica della L.R. 16\/2018; il testo coordinato dell\u2019articolo 6 \u00e8 riportato nelle note al provvedimento.<\/li>\n\n\n\n<li><a href=\"https:\/\/www.regione.piemonte.it\/web\/temi\/ambiente-territorio\/territorio\/edilizia\/nuova-normativa-sui-sottotetti-sulle-variazioni-essenziali\">Regione Piemonte \u2014 normativa sui sottotetti<\/a>: quadro informativo regionale.<\/li>\n\n\n\n<li><a href=\"https:\/\/www.gazzettaufficiale.it\/eli\/id\/2017\/03\/22\/17G00042\/sg\">D.P.R. 13 febbraio 2017, n. 31<\/a>, e successive modificazioni: interventi esclusi dall\u2019autorizzazione paesaggistica e procedura semplificata.<\/li>\n\n\n\n<li><a href=\"https:\/\/www.gazzettaufficiale.it\/eli\/id\/2012\/12\/17\/012G0241\/sg\">Legge 11 dicembre 2012, n. 220<\/a>: modifiche alla disciplina del condominio, da leggere insieme agli articoli 1102, 1117 e 1122 del Codice civile.<\/li>\n\n\n\n<li><a href=\"https:\/\/www.velux.it\/magazine\/installare-una-finestra-da-tetto-costi-e-budget-progetto\">VELUX \u2014 guida ai costi delle finestre da tetto<\/a>: fonte commerciale del prezzo di fornitura citato, non prezzario delle opere.<\/li>\n<\/ul>\n\n\n\n<p class=\"wp-block-paragraph\"><em>Le indicazioni hanno carattere generale. Fattibilit\u00e0, titolo edilizio e autorizzazioni devono essere verificati sul singolo immobile e sulle disposizioni vigenti al momento dell\u2019intervento.<\/em><\/p>","protected":false},"excerpt":{"rendered":"<p>I nostri clienti ci chiedono quando \u00e8 possibile aprire un abbaino on velux nel sottotetto<\/p>","protected":false},"author":1,"featured_media":141,"comment_status":"open","ping_status":"open","sticky":false,"template":"","format":"standard","meta":{"_monsterinsights_skip_tracking":false,"footnotes":""},"categories":[14,15,38],"tags":[24,29,39],"class_list":["post-137","post","type-post","status-publish","format-standard","has-post-thumbnail","hentry","category-case-e-privati","category-ristrutturazioni","category-sottotetto","tag-ristrutturazione","tag-sottotetto","tag-velux"],"_links":{"self":[{"href":"https:\/\/www.studiolerda.it\/en\/wp-json\/wp\/v2\/posts\/137","targetHints":{"allow":["GET"]}}],"collection":[{"href":"https:\/\/www.studiolerda.it\/en\/wp-json\/wp\/v2\/posts"}],"about":[{"href":"https:\/\/www.studiolerda.it\/en\/wp-json\/wp\/v2\/types\/post"}],"author":[{"embeddable":true,"href":"https:\/\/www.studiolerda.it\/en\/wp-json\/wp\/v2\/users\/1"}],"replies":[{"embeddable":true,"href":"https:\/\/www.studiolerda.it\/en\/wp-json\/wp\/v2\/comments?post=137"}],"version-history":[{"count":3,"href":"https:\/\/www.studiolerda.it\/en\/wp-json\/wp\/v2\/posts\/137\/revisions"}],"predecessor-version":[{"id":207,"href":"https:\/\/www.studiolerda.it\/en\/wp-json\/wp\/v2\/posts\/137\/revisions\/207"}],"wp:featuredmedia":[{"embeddable":true,"href":"https:\/\/www.studiolerda.it\/en\/wp-json\/wp\/v2\/media\/141"}],"wp:attachment":[{"href":"https:\/\/www.studiolerda.it\/en\/wp-json\/wp\/v2\/media?parent=137"}],"wp:term":[{"taxonomy":"category","embeddable":true,"href":"https:\/\/www.studiolerda.it\/en\/wp-json\/wp\/v2\/categories?post=137"},{"taxonomy":"post_tag","embeddable":true,"href":"https:\/\/www.studiolerda.it\/en\/wp-json\/wp\/v2\/tags?post=137"}],"curies":[{"name":"wp","href":"https:\/\/api.w.org\/{rel}","templated":true}]}}